{"id":917,"count":2,"description":"<strong>L'artista Karl Mostb\u00f6ck \u00e8 uno dei pittori pi\u00f9 importanti dell'Austria e un rappresentante di spicco della corrente artistica dell'Informale.<\/strong> \r\n\r\nQui potete acquistare gli acquerelli di Karl Mostb\u00f6ck:","link":"https:\/\/www.robertzueblin.com\/it\/karl-mostboeck\/","name":"Karl MOSTB\u00d6CK (* 1921, \u2020 2013)","slug":"karl-mostboeck","taxonomy":"product_cat","parent":0,"meta":[],"menu_order":0,"yoast_head":"<!-- This site is optimized with the Yoast SEO plugin v27.4 - https:\/\/yoast.com\/product\/yoast-seo-wordpress\/ -->\n<title>Karl MOSTB\u00d6CK (* 1921, \u2020 2013)<\/title>\n<meta name=\"description\" content=\"L&#039;artista Karl Mostb\u00f6ck \u00e8 uno dei pittori pi\u00f9 importanti dell&#039;Austria e un rappresentante di spicco della corrente artistica dell&#039;Informale.\" \/>\n<meta name=\"robots\" content=\"index, follow, max-snippet:-1, max-image-preview:large, max-video-preview:-1\" \/>\n<link rel=\"canonical\" href=\"https:\/\/www.robertzueblin.com\/it\/karl-mostboeck\/\" \/>\n<meta property=\"og:locale\" content=\"it_IT\" \/>\n<meta property=\"og:type\" content=\"article\" \/>\n<meta property=\"og:title\" content=\"Karl MOSTB\u00d6CK (* 1921, \u2020 2013)\" \/>\n<meta property=\"og:description\" content=\"L&#039;artista Karl Mostb\u00f6ck \u00e8 uno dei pittori pi\u00f9 importanti dell&#039;Austria e un rappresentante di spicco della corrente artistica dell&#039;Informale.\" \/>\n<meta property=\"og:url\" content=\"https:\/\/www.robertzueblin.com\/it\/karl-mostboeck\/\" \/>\n<meta property=\"og:site_name\" content=\"ROBERT Z\u00dcBLIN\" \/>\n<meta name=\"twitter:card\" content=\"summary_large_image\" \/>\n<script type=\"application\/ld+json\" class=\"yoast-schema-graph\">{\"@context\":\"https:\\\/\\\/schema.org\",\"@graph\":[{\"@type\":\"CollectionPage\",\"@id\":\"https:\\\/\\\/www.robertzueblin.com\\\/it\\\/karl-mostboeck\\\/\",\"url\":\"https:\\\/\\\/www.robertzueblin.com\\\/it\\\/karl-mostboeck\\\/\",\"name\":\"Karl MOSTB\u00d6CK (* 1921, \u2020 2013)\",\"isPartOf\":{\"@id\":\"https:\\\/\\\/www.robertzueblin.com\\\/it\\\/#website\"},\"description\":\"L'artista Karl Mostb\u00f6ck \u00e8 uno dei pittori pi\u00f9 importanti dell'Austria e un rappresentante di spicco della corrente artistica dell'Informale.\",\"breadcrumb\":{\"@id\":\"https:\\\/\\\/www.robertzueblin.com\\\/it\\\/karl-mostboeck\\\/#breadcrumb\"},\"inLanguage\":\"it-IT\"},{\"@type\":\"BreadcrumbList\",\"@id\":\"https:\\\/\\\/www.robertzueblin.com\\\/it\\\/karl-mostboeck\\\/#breadcrumb\",\"itemListElement\":[{\"@type\":\"ListItem\",\"position\":1,\"name\":\"Startseite\",\"item\":\"https:\\\/\\\/www.robertzueblin.com\\\/it\\\/\"},{\"@type\":\"ListItem\",\"position\":2,\"name\":\"Karl MOSTB\u00d6CK (* 1921, \u2020 2013)\"}]},{\"@type\":\"WebSite\",\"@id\":\"https:\\\/\\\/www.robertzueblin.com\\\/it\\\/#website\",\"url\":\"https:\\\/\\\/www.robertzueblin.com\\\/it\\\/\",\"name\":\"ROBERT Z\u00dcBLIN\",\"description\":\"\",\"publisher\":{\"@id\":\"https:\\\/\\\/www.robertzueblin.com\\\/it\\\/#organization\"},\"potentialAction\":[{\"@type\":\"SearchAction\",\"target\":{\"@type\":\"EntryPoint\",\"urlTemplate\":\"https:\\\/\\\/www.robertzueblin.com\\\/it\\\/?s={search_term_string}\"},\"query-input\":{\"@type\":\"PropertyValueSpecification\",\"valueRequired\":true,\"valueName\":\"search_term_string\"}}],\"inLanguage\":\"it-IT\"},{\"@type\":\"Organization\",\"@id\":\"https:\\\/\\\/www.robertzueblin.com\\\/it\\\/#organization\",\"name\":\"ROBERT Z\u00dcBLIN\",\"url\":\"https:\\\/\\\/www.robertzueblin.com\\\/it\\\/\",\"logo\":{\"@type\":\"ImageObject\",\"inLanguage\":\"it-IT\",\"@id\":\"https:\\\/\\\/www.robertzueblin.com\\\/it\\\/#\\\/schema\\\/logo\\\/image\\\/\",\"url\":\"https:\\\/\\\/www.robertzueblin.com\\\/wp-content\\\/uploads\\\/cropped-cropped-logo-von-robert-zueblin.jpg\",\"contentUrl\":\"https:\\\/\\\/www.robertzueblin.com\\\/wp-content\\\/uploads\\\/cropped-cropped-logo-von-robert-zueblin.jpg\",\"width\":440,\"height\":60,\"caption\":\"ROBERT Z\u00dcBLIN\"},\"image\":{\"@id\":\"https:\\\/\\\/www.robertzueblin.com\\\/it\\\/#\\\/schema\\\/logo\\\/image\\\/\"}}]}<\/script>\n<!-- \/ Yoast SEO plugin. -->","yoast_head_json":{"title":"Karl MOSTB\u00d6CK (* 1921, \u2020 2013)","description":"L'artista Karl Mostb\u00f6ck \u00e8 uno dei pittori pi\u00f9 importanti dell'Austria e un rappresentante di spicco della corrente artistica dell'Informale.","robots":{"index":"index","follow":"follow","max-snippet":"max-snippet:-1","max-image-preview":"max-image-preview:large","max-video-preview":"max-video-preview:-1"},"canonical":"https:\/\/www.robertzueblin.com\/it\/karl-mostboeck\/","og_locale":"it_IT","og_type":"article","og_title":"Karl MOSTB\u00d6CK (* 1921, \u2020 2013)","og_description":"L'artista Karl Mostb\u00f6ck \u00e8 uno dei pittori pi\u00f9 importanti dell'Austria e un rappresentante di spicco della corrente artistica dell'Informale.","og_url":"https:\/\/www.robertzueblin.com\/it\/karl-mostboeck\/","og_site_name":"ROBERT Z\u00dcBLIN","twitter_card":"summary_large_image","schema":{"@context":"https:\/\/schema.org","@graph":[{"@type":"CollectionPage","@id":"https:\/\/www.robertzueblin.com\/it\/karl-mostboeck\/","url":"https:\/\/www.robertzueblin.com\/it\/karl-mostboeck\/","name":"Karl MOSTB\u00d6CK (* 1921, \u2020 2013)","isPartOf":{"@id":"https:\/\/www.robertzueblin.com\/it\/#website"},"description":"L'artista Karl Mostb\u00f6ck \u00e8 uno dei pittori pi\u00f9 importanti dell'Austria e un rappresentante di spicco della corrente artistica dell'Informale.","breadcrumb":{"@id":"https:\/\/www.robertzueblin.com\/it\/karl-mostboeck\/#breadcrumb"},"inLanguage":"it-IT"},{"@type":"BreadcrumbList","@id":"https:\/\/www.robertzueblin.com\/it\/karl-mostboeck\/#breadcrumb","itemListElement":[{"@type":"ListItem","position":1,"name":"Startseite","item":"https:\/\/www.robertzueblin.com\/it\/"},{"@type":"ListItem","position":2,"name":"Karl MOSTB\u00d6CK (* 1921, \u2020 2013)"}]},{"@type":"WebSite","@id":"https:\/\/www.robertzueblin.com\/it\/#website","url":"https:\/\/www.robertzueblin.com\/it\/","name":"ROBERT Z\u00dcBLIN","description":"","publisher":{"@id":"https:\/\/www.robertzueblin.com\/it\/#organization"},"potentialAction":[{"@type":"SearchAction","target":{"@type":"EntryPoint","urlTemplate":"https:\/\/www.robertzueblin.com\/it\/?s={search_term_string}"},"query-input":{"@type":"PropertyValueSpecification","valueRequired":true,"valueName":"search_term_string"}}],"inLanguage":"it-IT"},{"@type":"Organization","@id":"https:\/\/www.robertzueblin.com\/it\/#organization","name":"ROBERT Z\u00dcBLIN","url":"https:\/\/www.robertzueblin.com\/it\/","logo":{"@type":"ImageObject","inLanguage":"it-IT","@id":"https:\/\/www.robertzueblin.com\/it\/#\/schema\/logo\/image\/","url":"https:\/\/www.robertzueblin.com\/wp-content\/uploads\/cropped-cropped-logo-von-robert-zueblin.jpg","contentUrl":"https:\/\/www.robertzueblin.com\/wp-content\/uploads\/cropped-cropped-logo-von-robert-zueblin.jpg","width":440,"height":60,"caption":"ROBERT Z\u00dcBLIN"},"image":{"@id":"https:\/\/www.robertzueblin.com\/it\/#\/schema\/logo\/image\/"}}]}},"_links":{"self":[{"href":"https:\/\/www.robertzueblin.com\/it\/wp-json\/wp\/v2\/product_cat\/917","targetHints":{"allow":["GET"]}}],"collection":[{"href":"https:\/\/www.robertzueblin.com\/it\/wp-json\/wp\/v2\/product_cat"}],"about":[{"href":"https:\/\/www.robertzueblin.com\/it\/wp-json\/wp\/v2\/taxonomies\/product_cat"}],"wp:post_type":[{"href":"https:\/\/www.robertzueblin.com\/it\/wp-json\/wp\/v2\/product?product_cat=917"}],"curies":[{"name":"wp","href":"https:\/\/api.w.org\/{rel}","templated":true}]}}