{"id":829,"count":1,"description":"<table cellpadding=\"1\">\r\n\t<tbody>\r\n\t\t<tr>\r\n\t\t\t<td style=\"padding-left: 0em!important\">\r\n\t\t\t<p><span style=\"font-family: AkkoPro-BoldCondensed!important\">1853<\/span>    <br>nato a Berna, Svizzera<\/p>\r\n\r\n\t\t\t<p><span style=\"font-family: AkkoPro-BoldCondensed!important\">1860<\/span>    <br>il padre di Ferdinand Hodler muore di tubercolosi<\/p>\r\n\r\n\t\t\t<p><span style=\"font-family: AkkoPro-BoldCondensed!important\">1865<\/span>    <br>Ferdinand Hodler rileva il laboratorio del patrigno alcolizzato, che era pittore decoratore, e da allora provvede al sostentamento di tutta la famiglia<\/p>\r\n\t\t\t\r\n\t\t\t<p><span style=\"font-family: AkkoPro-BoldCondensed!important\">1867<\/span>    <br>la madre di F. Hodler muore lasciando sei figli, che nei successivi 18 anni muoiono tutti di tubercolosi.<\/p>\r\n\r\n\t\t\t<p><span style=\"font-family: AkkoPro-BoldCondensed!important\">1868-1870<\/span>    <br>apprendistato come pittore di vedute presso Ferdinand Sommer a Thun.<\/p>\r\n\r\n\t\t\t<p><span style=\"font-family: AkkoPro-BoldCondensed!important\">1871<\/span>    <br>Ferdinand Hodler si trasferisce a Ginevra e dipinge insegne per aziende.<\/p>\r\n\r\n<p><span style=\"font-family: AkkoPro-BoldCondensed!important\">1872<\/span>    <br>mentre copia dei quadri al Mus\u00e9e Rath, Ferdinand Hodler viene scoperto da Barth\u00e9lemy Menn e diventa suo allievo fino al 1877. Con B. Menn sviluppa nuovi temi come il ritratto o l'autoritratto.<\/p>\r\n\r\n\t\t\t<p><span style=\"font-family: AkkoPro-BoldCondensed!important\">1874<\/span>    <br>- vince il primo premio al Concours Calame della Soci\u00e9t\u00e9 des Arts de Gen\u00e8ve.<\/a><\/p>\r\n- dopo il Concours Calame partecipa a mostre e concorsi nazionali.\r\n\r\n\t\t\t<p><span style=\"font-family: AkkoPro-BoldCondensed!important\">1878\/1879<\/span>    <br>viaggio in Spagna per confrontarsi con pittori come Diego Vel\u00e1zquez, Peter Paul Rubens, Jos\u00e9 de Ribera o Tiziano.<\/p>\r\n\r\n<p><span style=\"font-family: AkkoPro-BoldCondensed!important\">tra il 1881 e il 1885<\/span>    <br>mostre a Londra, Zurigo, Ginevra e all'Esposizione Universale di Anversa.<\/p>\r\n\r\n\t\t\t<p><span style=\"font-family: AkkoPro-BoldCondensed!important\">Dalla met\u00e0 degli anni Ottanta del XIX secolo<\/span>    <br>separazione dai vecchi modelli artistici e sviluppo dello stile del \u201cparallelismo\u201d, mentre venivano discusse le idee sul \u201cproblema corpo-anima\u201d dello psicologo e filosofo tedesco Wilhelm Maximilian Wundt. Ferdinand Hodler scopr\u00ec modelli paralleli in natura.<\/p>\r\n\r\n<p><span style=\"font-family: AkkoPro-BoldCondensed!important\">1885<\/span>    <br>prima mostra personale a Ginevra<\/p>\r\n\r\n\t\t\t<p><span style=\"font-family: AkkoPro-BoldCondensed!important\">1886<\/span>    <br>mostra personale al Kunstmuseum di Berna<\/p>\r\n\r\n<\/td>\r\n\t\t\t<td style=\"padding-left: 0.3em!important\">\r\n\r\n<p><span style=\"font-family: AkkoPro-BoldCondensed!important\">1889<\/span>    <br>- svolta con il suo quadro \u201cDie Nacht\u201d (La notte), che non fu esposto al Mus\u00e9e Rath di Ginevra perch\u00e9 ritenuto contrario al buon costume, ma riscosse grande successo in una mostra privata.<\/p>\r\n- matrimonio con Bertha Stucki.\r\n\r\n<p><span style=\"font-family: AkkoPro-BoldCondensed!important\">1891<\/span>    <br>divorzio da Bertha Stucki.<\/p>\r\n\r\n<p><span style=\"font-family: AkkoPro-BoldCondensed!important\">1897<\/span>    <br>- F. Hodler vinse un concorso per la decorazione della sala delle armi del Museo nazionale svizzero di Zurigo. Il direttore boicott\u00f2 per\u00f2 i suoi progetti. Grazie al sostegno di una delegazione del Consiglio federale di Berna, i progetti di Hodler furono infine accettati.<\/p>\r\n- matrimonio con Berthe Jacques\r\n\r\n<p><span style=\"font-family: AkkoPro-BoldCondensed!important\">1900<\/span>    <br>- medaglia d'oro per tre delle sue opere all'Esposizione Universale di Parigi del 1900, diventa uno dei pittori pi\u00f9 importanti d'Europa<\/p>\r\n- membro della Secessione viennese e berlinese\r\n\r\n<p><span style=\"font-family: AkkoPro-BoldCondensed!important\">1904<\/span>    <br>membro della Secessione di Monaco<\/p>\r\n\r\n<p><span style=\"font-family: AkkoPro-BoldCondensed!important\">1908<\/span>    <br>incontro con Valentine God\u00e9-Darel, che divenne la sua amante<\/p>\r\n\r\n<p><span style=\"font-family: AkkoPro-BoldCondensed!important\">1911<\/span>    <br>due banconote svizzere furono stampate con due dei suoi motivi<\/p>\r\n\r\n<p><span style=\"font-family: AkkoPro-BoldCondensed!important\">1913<\/span>    <br>- nomina a dottore honoris causa dell'Universit\u00e0 di Basilea<\/p>\r\n- nascita di sua figlia, che a causa della morte prematura della madre V. God\u00e9-Darel viene cresciuta dalla moglie di Hodler, Berthe. Hodler adotter\u00e0 la figlia in seguito.\r\n\r\n<p><span style=\"font-family: AkkoPro-BoldCondensed!important\">1914<\/span>    <br>a causa di una lettera di protesta contro il bombardamento della cattedrale di Reims durante la prima guerra mondiale da parte dell'artiglieria tedesca, viene espulso da quasi tutte le associazioni artistiche tedesche<\/p>\r\n\r\n<p><span style=\"font-family: AkkoPro-BoldCondensed!important\">1916<\/span>    <br>cattedra all'Ecole des Beaus-Arts di Ginevra, Svizzera<\/p>\r\n\r\n<p><span style=\"font-family: AkkoPro-BoldCondensed!important\">1917<\/span>    <br>grande retrospettiva al Kunsthaus di Zurigo, Svizzera<\/p>\r\n\r\n<p><span style=\"font-family: AkkoPro-BoldCondensed!important\">1918<\/span>    <br>- cittadinanza onoraria di Ginevra, Svizzera<\/p>\r\n- muore a Ginevra, Svizzera\r\n\r\n\t\t\t<\/td>\r\n\t\t<\/tr>\r\n\t<\/tbody>\r\n<\/table>","link":"https:\/\/www.robertzueblin.com\/it\/ferdinand-hodler\/","name":"Ferdinand HODLER (* 1853, \u2020 1918)","slug":"ferdinand-hodler","taxonomy":"product_cat","parent":0,"meta":[],"menu_order":0,"yoast_head":"<!-- This site is optimized with the Yoast SEO plugin v27.4 - https:\/\/yoast.com\/product\/yoast-seo-wordpress\/ -->\n<title>Ferdinand HODLER (* 1853, \u2020 1918)<\/title>\n<meta name=\"robots\" content=\"index, follow, max-snippet:-1, max-image-preview:large, max-video-preview:-1\" \/>\n<link rel=\"canonical\" href=\"https:\/\/www.robertzueblin.com\/it\/ferdinand-hodler\/\" \/>\n<meta property=\"og:locale\" content=\"it_IT\" \/>\n<meta property=\"og:type\" content=\"article\" \/>\n<meta property=\"og:title\" content=\"Ferdinand HODLER (* 1853, \u2020 1918)\" \/>\n<meta property=\"og:description\" content=\"1853  nato a Berna, Svizzera 1860  il padre di Ferdinand Hodler muore di tubercolosi 1865  Ferdinand Hodler rileva il laboratorio del patrigno alcolizzato, che era pittore decoratore, e da allora provvede al sostentamento di tutta la famiglia 1867  la madre di F. Hodler muore lasciando sei figli, che nei successivi 18 anni muoiono tutti di tubercolosi. 1868-1870  apprendistato come pittore di vedute presso Ferdinand Sommer a Thun. 1871  Ferdinand Hodler si trasferisce a Ginevra e dipinge insegne per aziende. 1872  mentre copia dei quadri al Mus\u00e9e Rath, Ferdinand Hodler viene scoperto da Barth\u00e9lemy Menn e diventa suo allievo fino al 1877. Con B. Menn sviluppa nuovi temi come il ritratto o l&#8217;autoritratto. 1874  &#8211; vince il primo premio al Concours Calame della Soci\u00e9t\u00e9 des Arts de Gen\u00e8ve. &#8211; dopo il Concours Calame partecipa a mostre e concorsi nazionali. 1878\/1879  viaggio in Spagna per confrontarsi con pittori come Diego Vel\u00e1zquez, Peter Paul Rubens, Jos\u00e9 de Ribera o Tiziano. tra il 1881 e il 1885  mostre a Londra, Zurigo, Ginevra e all&#8217;Esposizione Universale di Anversa. Dalla met\u00e0 degli anni Ottanta del XIX secolo  separazione dai vecchi modelli artistici e sviluppo dello stile del \u201cparallelismo\u201d, mentre venivano discusse le idee sul \u201cproblema corpo-anima\u201d dello psicologo e filosofo tedesco Wilhelm Maximilian Wundt. Ferdinand Hodler scopr\u00ec modelli paralleli in natura. 1885  prima mostra personale a Ginevra 1886  mostra personale al Kunstmuseum di Berna  1889  &#8211; svolta con il suo quadro \u201cDie Nacht\u201d (La notte), che non fu esposto al Mus\u00e9e Rath di Ginevra perch\u00e9 ritenuto contrario al buon costume, ma riscosse grande successo in una mostra privata. &#8211; matrimonio con Bertha Stucki. 1891  divorzio da Bertha Stucki. 1897  &#8211; F. Hodler vinse un concorso per la decorazione della sala delle armi del Museo nazionale svizzero di Zurigo. Il direttore boicott\u00f2 per\u00f2 i suoi progetti. Grazie al sostegno di una delegazione del Consiglio federale di Berna, i progetti di Hodler furono infine accettati. &#8211; matrimonio con Berthe Jacques 1900  &#8211; medaglia d&#8217;oro per tre delle sue opere all&#8217;Esposizione Universale di Parigi del 1900, diventa uno dei pittori pi\u00f9 importanti d&#8217;Europa &#8211; membro della Secessione viennese e berlinese 1904  membro della Secessione di Monaco 1908  incontro con Valentine God\u00e9-Darel, che divenne la sua amante 1911  due banconote svizzere furono stampate con due dei suoi motivi 1913  &#8211; nomina a dottore honoris causa dell&#8217;Universit\u00e0 di Basilea &#8211; nascita di sua figlia, che a causa della morte prematura della madre V. God\u00e9-Darel viene cresciuta dalla moglie di Hodler, Berthe. Hodler adotter\u00e0 la figlia in seguito. 1914  a causa di una lettera di protesta contro il bombardamento della cattedrale di Reims durante la prima guerra mondiale da parte dell&#8217;artiglieria tedesca, viene espulso da quasi tutte le associazioni artistiche tedesche 1916  cattedra all&#8217;Ecole des Beaus-Arts di Ginevra, Svizzera 1917  grande retrospettiva al Kunsthaus di Zurigo, Svizzera 1918  &#8211; cittadinanza onoraria di Ginevra, Svizzera &#8211; muore a Ginevra, Svizzera\" \/>\n<meta property=\"og:url\" content=\"https:\/\/www.robertzueblin.com\/it\/ferdinand-hodler\/\" \/>\n<meta property=\"og:site_name\" content=\"ROBERT Z\u00dcBLIN\" \/>\n<meta name=\"twitter:card\" content=\"summary_large_image\" \/>\n<script type=\"application\/ld+json\" class=\"yoast-schema-graph\">{\"@context\":\"https:\\\/\\\/schema.org\",\"@graph\":[{\"@type\":\"CollectionPage\",\"@id\":\"https:\\\/\\\/www.robertzueblin.com\\\/it\\\/ferdinand-hodler\\\/\",\"url\":\"https:\\\/\\\/www.robertzueblin.com\\\/it\\\/ferdinand-hodler\\\/\",\"name\":\"Ferdinand HODLER (* 1853, \u2020 1918)\",\"isPartOf\":{\"@id\":\"https:\\\/\\\/www.robertzueblin.com\\\/it\\\/#website\"},\"breadcrumb\":{\"@id\":\"https:\\\/\\\/www.robertzueblin.com\\\/it\\\/ferdinand-hodler\\\/#breadcrumb\"},\"inLanguage\":\"it-IT\"},{\"@type\":\"BreadcrumbList\",\"@id\":\"https:\\\/\\\/www.robertzueblin.com\\\/it\\\/ferdinand-hodler\\\/#breadcrumb\",\"itemListElement\":[{\"@type\":\"ListItem\",\"position\":1,\"name\":\"Startseite\",\"item\":\"https:\\\/\\\/www.robertzueblin.com\\\/it\\\/\"},{\"@type\":\"ListItem\",\"position\":2,\"name\":\"Ferdinand HODLER (* 1853, \u2020 1918)\"}]},{\"@type\":\"WebSite\",\"@id\":\"https:\\\/\\\/www.robertzueblin.com\\\/it\\\/#website\",\"url\":\"https:\\\/\\\/www.robertzueblin.com\\\/it\\\/\",\"name\":\"ROBERT Z\u00dcBLIN\",\"description\":\"\",\"publisher\":{\"@id\":\"https:\\\/\\\/www.robertzueblin.com\\\/it\\\/#organization\"},\"potentialAction\":[{\"@type\":\"SearchAction\",\"target\":{\"@type\":\"EntryPoint\",\"urlTemplate\":\"https:\\\/\\\/www.robertzueblin.com\\\/it\\\/?s={search_term_string}\"},\"query-input\":{\"@type\":\"PropertyValueSpecification\",\"valueRequired\":true,\"valueName\":\"search_term_string\"}}],\"inLanguage\":\"it-IT\"},{\"@type\":\"Organization\",\"@id\":\"https:\\\/\\\/www.robertzueblin.com\\\/it\\\/#organization\",\"name\":\"ROBERT Z\u00dcBLIN\",\"url\":\"https:\\\/\\\/www.robertzueblin.com\\\/it\\\/\",\"logo\":{\"@type\":\"ImageObject\",\"inLanguage\":\"it-IT\",\"@id\":\"https:\\\/\\\/www.robertzueblin.com\\\/it\\\/#\\\/schema\\\/logo\\\/image\\\/\",\"url\":\"https:\\\/\\\/www.robertzueblin.com\\\/wp-content\\\/uploads\\\/cropped-cropped-logo-von-robert-zueblin.jpg\",\"contentUrl\":\"https:\\\/\\\/www.robertzueblin.com\\\/wp-content\\\/uploads\\\/cropped-cropped-logo-von-robert-zueblin.jpg\",\"width\":440,\"height\":60,\"caption\":\"ROBERT Z\u00dcBLIN\"},\"image\":{\"@id\":\"https:\\\/\\\/www.robertzueblin.com\\\/it\\\/#\\\/schema\\\/logo\\\/image\\\/\"}}]}<\/script>\n<!-- \/ Yoast SEO plugin. -->","yoast_head_json":{"title":"Ferdinand HODLER (* 1853, \u2020 1918)","robots":{"index":"index","follow":"follow","max-snippet":"max-snippet:-1","max-image-preview":"max-image-preview:large","max-video-preview":"max-video-preview:-1"},"canonical":"https:\/\/www.robertzueblin.com\/it\/ferdinand-hodler\/","og_locale":"it_IT","og_type":"article","og_title":"Ferdinand HODLER (* 1853, \u2020 1918)","og_description":"1853  nato a Berna, Svizzera 1860  il padre di Ferdinand Hodler muore di tubercolosi 1865  Ferdinand Hodler rileva il laboratorio del patrigno alcolizzato, che era pittore decoratore, e da allora provvede al sostentamento di tutta la famiglia 1867  la madre di F. Hodler muore lasciando sei figli, che nei successivi 18 anni muoiono tutti di tubercolosi. 1868-1870  apprendistato come pittore di vedute presso Ferdinand Sommer a Thun. 1871  Ferdinand Hodler si trasferisce a Ginevra e dipinge insegne per aziende. 1872  mentre copia dei quadri al Mus\u00e9e Rath, Ferdinand Hodler viene scoperto da Barth\u00e9lemy Menn e diventa suo allievo fino al 1877. Con B. Menn sviluppa nuovi temi come il ritratto o l&#8217;autoritratto. 1874  &#8211; vince il primo premio al Concours Calame della Soci\u00e9t\u00e9 des Arts de Gen\u00e8ve. &#8211; dopo il Concours Calame partecipa a mostre e concorsi nazionali. 1878\/1879  viaggio in Spagna per confrontarsi con pittori come Diego Vel\u00e1zquez, Peter Paul Rubens, Jos\u00e9 de Ribera o Tiziano. tra il 1881 e il 1885  mostre a Londra, Zurigo, Ginevra e all&#8217;Esposizione Universale di Anversa. Dalla met\u00e0 degli anni Ottanta del XIX secolo  separazione dai vecchi modelli artistici e sviluppo dello stile del \u201cparallelismo\u201d, mentre venivano discusse le idee sul \u201cproblema corpo-anima\u201d dello psicologo e filosofo tedesco Wilhelm Maximilian Wundt. Ferdinand Hodler scopr\u00ec modelli paralleli in natura. 1885  prima mostra personale a Ginevra 1886  mostra personale al Kunstmuseum di Berna  1889  &#8211; svolta con il suo quadro \u201cDie Nacht\u201d (La notte), che non fu esposto al Mus\u00e9e Rath di Ginevra perch\u00e9 ritenuto contrario al buon costume, ma riscosse grande successo in una mostra privata. &#8211; matrimonio con Bertha Stucki. 1891  divorzio da Bertha Stucki. 1897  &#8211; F. Hodler vinse un concorso per la decorazione della sala delle armi del Museo nazionale svizzero di Zurigo. Il direttore boicott\u00f2 per\u00f2 i suoi progetti. Grazie al sostegno di una delegazione del Consiglio federale di Berna, i progetti di Hodler furono infine accettati. &#8211; matrimonio con Berthe Jacques 1900  &#8211; medaglia d&#8217;oro per tre delle sue opere all&#8217;Esposizione Universale di Parigi del 1900, diventa uno dei pittori pi\u00f9 importanti d&#8217;Europa &#8211; membro della Secessione viennese e berlinese 1904  membro della Secessione di Monaco 1908  incontro con Valentine God\u00e9-Darel, che divenne la sua amante 1911  due banconote svizzere furono stampate con due dei suoi motivi 1913  &#8211; nomina a dottore honoris causa dell&#8217;Universit\u00e0 di Basilea &#8211; nascita di sua figlia, che a causa della morte prematura della madre V. God\u00e9-Darel viene cresciuta dalla moglie di Hodler, Berthe. Hodler adotter\u00e0 la figlia in seguito. 1914  a causa di una lettera di protesta contro il bombardamento della cattedrale di Reims durante la prima guerra mondiale da parte dell&#8217;artiglieria tedesca, viene espulso da quasi tutte le associazioni artistiche tedesche 1916  cattedra all&#8217;Ecole des Beaus-Arts di Ginevra, Svizzera 1917  grande retrospettiva al Kunsthaus di Zurigo, Svizzera 1918  &#8211; cittadinanza onoraria di Ginevra, Svizzera &#8211; muore a Ginevra, Svizzera","og_url":"https:\/\/www.robertzueblin.com\/it\/ferdinand-hodler\/","og_site_name":"ROBERT Z\u00dcBLIN","twitter_card":"summary_large_image","schema":{"@context":"https:\/\/schema.org","@graph":[{"@type":"CollectionPage","@id":"https:\/\/www.robertzueblin.com\/it\/ferdinand-hodler\/","url":"https:\/\/www.robertzueblin.com\/it\/ferdinand-hodler\/","name":"Ferdinand HODLER (* 1853, \u2020 1918)","isPartOf":{"@id":"https:\/\/www.robertzueblin.com\/it\/#website"},"breadcrumb":{"@id":"https:\/\/www.robertzueblin.com\/it\/ferdinand-hodler\/#breadcrumb"},"inLanguage":"it-IT"},{"@type":"BreadcrumbList","@id":"https:\/\/www.robertzueblin.com\/it\/ferdinand-hodler\/#breadcrumb","itemListElement":[{"@type":"ListItem","position":1,"name":"Startseite","item":"https:\/\/www.robertzueblin.com\/it\/"},{"@type":"ListItem","position":2,"name":"Ferdinand HODLER (* 1853, \u2020 1918)"}]},{"@type":"WebSite","@id":"https:\/\/www.robertzueblin.com\/it\/#website","url":"https:\/\/www.robertzueblin.com\/it\/","name":"ROBERT Z\u00dcBLIN","description":"","publisher":{"@id":"https:\/\/www.robertzueblin.com\/it\/#organization"},"potentialAction":[{"@type":"SearchAction","target":{"@type":"EntryPoint","urlTemplate":"https:\/\/www.robertzueblin.com\/it\/?s={search_term_string}"},"query-input":{"@type":"PropertyValueSpecification","valueRequired":true,"valueName":"search_term_string"}}],"inLanguage":"it-IT"},{"@type":"Organization","@id":"https:\/\/www.robertzueblin.com\/it\/#organization","name":"ROBERT Z\u00dcBLIN","url":"https:\/\/www.robertzueblin.com\/it\/","logo":{"@type":"ImageObject","inLanguage":"it-IT","@id":"https:\/\/www.robertzueblin.com\/it\/#\/schema\/logo\/image\/","url":"https:\/\/www.robertzueblin.com\/wp-content\/uploads\/cropped-cropped-logo-von-robert-zueblin.jpg","contentUrl":"https:\/\/www.robertzueblin.com\/wp-content\/uploads\/cropped-cropped-logo-von-robert-zueblin.jpg","width":440,"height":60,"caption":"ROBERT Z\u00dcBLIN"},"image":{"@id":"https:\/\/www.robertzueblin.com\/it\/#\/schema\/logo\/image\/"}}]}},"_links":{"self":[{"href":"https:\/\/www.robertzueblin.com\/it\/wp-json\/wp\/v2\/product_cat\/829","targetHints":{"allow":["GET"]}}],"collection":[{"href":"https:\/\/www.robertzueblin.com\/it\/wp-json\/wp\/v2\/product_cat"}],"about":[{"href":"https:\/\/www.robertzueblin.com\/it\/wp-json\/wp\/v2\/taxonomies\/product_cat"}],"wp:post_type":[{"href":"https:\/\/www.robertzueblin.com\/it\/wp-json\/wp\/v2\/product?product_cat=829"}],"curies":[{"name":"wp","href":"https:\/\/api.w.org\/{rel}","templated":true}]}}