{"id":823,"count":1,"description":"<table>\r\n<tbody>\r\n<tr>\r\n<td style=\"padding-left: 0em!important\">\r\n<p><span style=\"font-family: AkkoPro-BoldCondensed!important\">1900<\/span> <br>nasce ad Aarwangen, Svizzera<\/p>\r\n\r\n<p><span style=\"font-family: AkkoPro-BoldCondensed!important\">dal 1920<\/span> <br>insegnante, pittore, organista e direttore di coro a Bannwil (Cantone di Berna)<\/p>\r\n\r\n<p><span style=\"font-family: AkkoPro-BoldCondensed!important\">dal 1924<\/span> <br>studia pittura con Cuno Amiet<\/p>\r\n\r\n<p><span style=\"font-family: AkkoPro-BoldCondensed!important\">1926<\/span> <br>anno sabbatico a Parigi, dove studia all'Accademia Grande Chaumi\u00e8re e all'Accademia Andr\u00e9 Lhote<\/p>\r\n\r\n<p><span style=\"font-family: AkkoPro-BoldCondensed!important\">1927<\/span> <br>mostra a Langenthal<\/p>\r\n<\/td>\r\n<td style=\"padding-left: 0.3em!important\">\r\n<p><span style=\"font-family: AkkoPro-BoldCondensed!important\">1930<\/span> <br>Werner Gilgien sposa Margrit Hofer, dalla quale avr\u00e0 4 figli<\/p>\r\n\r\n<p><span style=\"font-family: AkkoPro-BoldCondensed!important\">1938<\/span> <br>W. Gilgien partecipa alla \u00abEsposizione Svizzera d\u2019arte sacra\u00bb<\/p>\r\n\r\n<p><span style=\"font-family: AkkoPro-BoldCondensed!important\">1954 e 1956<\/span> <br>soggiorni a Parigi <\/p>\r\n\r\n<p><span style=\"font-family: AkkoPro-BoldCondensed!important\">1965<\/span> <br>pensionamento<\/p>\r\n\r\n<p><span style=\"font-family: AkkoPro-BoldCondensed!important\">1990<\/span> <br>muore a Langenthal, Svizzera<\/p>\r\n\r\n<\/td>\r\n<\/tr>\r\n<\/tbody>\r\n<\/table>\r\n","link":"https:\/\/www.robertzueblin.com\/it\/werner-gilgien\/","name":"Werner GILGIEN (* 1900, \u2020 1990)","slug":"werner-gilgien","taxonomy":"product_cat","parent":0,"meta":[],"menu_order":0,"yoast_head":"<!-- This site is optimized with the Yoast SEO plugin v27.4 - https:\/\/yoast.com\/product\/yoast-seo-wordpress\/ -->\n<title>Werner GILGIEN (* 1900, \u2020 1990)<\/title>\n<meta name=\"robots\" content=\"index, follow, max-snippet:-1, max-image-preview:large, max-video-preview:-1\" \/>\n<link rel=\"canonical\" href=\"https:\/\/www.robertzueblin.com\/it\/werner-gilgien\/\" \/>\n<meta property=\"og:locale\" content=\"it_IT\" \/>\n<meta property=\"og:type\" content=\"article\" \/>\n<meta property=\"og:title\" content=\"Werner GILGIEN (* 1900, \u2020 1990)\" \/>\n<meta property=\"og:description\" content=\"1900 nasce ad Aarwangen, Svizzera dal 1920 insegnante, pittore, organista e direttore di coro a Bannwil (Cantone di Berna) dal 1924 studia pittura con Cuno Amiet 1926 anno sabbatico a Parigi, dove studia all&#8217;Accademia Grande Chaumi\u00e8re e all&#8217;Accademia Andr\u00e9 Lhote 1927 mostra a Langenthal  1930 Werner Gilgien sposa Margrit Hofer, dalla quale avr\u00e0 4 figli 1938 W. Gilgien partecipa alla \u00abEsposizione Svizzera d\u2019arte sacra\u00bb 1954 e 1956 soggiorni a Parigi 1965 pensionamento 1990 muore a Langenthal, Svizzera\" \/>\n<meta property=\"og:url\" content=\"https:\/\/www.robertzueblin.com\/it\/werner-gilgien\/\" \/>\n<meta property=\"og:site_name\" content=\"ROBERT Z\u00dcBLIN\" \/>\n<meta name=\"twitter:card\" content=\"summary_large_image\" \/>\n<script type=\"application\/ld+json\" class=\"yoast-schema-graph\">{\"@context\":\"https:\\\/\\\/schema.org\",\"@graph\":[{\"@type\":\"CollectionPage\",\"@id\":\"https:\\\/\\\/www.robertzueblin.com\\\/it\\\/werner-gilgien\\\/\",\"url\":\"https:\\\/\\\/www.robertzueblin.com\\\/it\\\/werner-gilgien\\\/\",\"name\":\"Werner GILGIEN (* 1900, \u2020 1990)\",\"isPartOf\":{\"@id\":\"https:\\\/\\\/www.robertzueblin.com\\\/it\\\/#website\"},\"breadcrumb\":{\"@id\":\"https:\\\/\\\/www.robertzueblin.com\\\/it\\\/werner-gilgien\\\/#breadcrumb\"},\"inLanguage\":\"it-IT\"},{\"@type\":\"BreadcrumbList\",\"@id\":\"https:\\\/\\\/www.robertzueblin.com\\\/it\\\/werner-gilgien\\\/#breadcrumb\",\"itemListElement\":[{\"@type\":\"ListItem\",\"position\":1,\"name\":\"Startseite\",\"item\":\"https:\\\/\\\/www.robertzueblin.com\\\/it\\\/\"},{\"@type\":\"ListItem\",\"position\":2,\"name\":\"Werner GILGIEN (* 1900, \u2020 1990)\"}]},{\"@type\":\"WebSite\",\"@id\":\"https:\\\/\\\/www.robertzueblin.com\\\/it\\\/#website\",\"url\":\"https:\\\/\\\/www.robertzueblin.com\\\/it\\\/\",\"name\":\"ROBERT Z\u00dcBLIN\",\"description\":\"\",\"publisher\":{\"@id\":\"https:\\\/\\\/www.robertzueblin.com\\\/it\\\/#organization\"},\"potentialAction\":[{\"@type\":\"SearchAction\",\"target\":{\"@type\":\"EntryPoint\",\"urlTemplate\":\"https:\\\/\\\/www.robertzueblin.com\\\/it\\\/?s={search_term_string}\"},\"query-input\":{\"@type\":\"PropertyValueSpecification\",\"valueRequired\":true,\"valueName\":\"search_term_string\"}}],\"inLanguage\":\"it-IT\"},{\"@type\":\"Organization\",\"@id\":\"https:\\\/\\\/www.robertzueblin.com\\\/it\\\/#organization\",\"name\":\"ROBERT Z\u00dcBLIN\",\"url\":\"https:\\\/\\\/www.robertzueblin.com\\\/it\\\/\",\"logo\":{\"@type\":\"ImageObject\",\"inLanguage\":\"it-IT\",\"@id\":\"https:\\\/\\\/www.robertzueblin.com\\\/it\\\/#\\\/schema\\\/logo\\\/image\\\/\",\"url\":\"https:\\\/\\\/www.robertzueblin.com\\\/wp-content\\\/uploads\\\/cropped-cropped-logo-von-robert-zueblin.jpg\",\"contentUrl\":\"https:\\\/\\\/www.robertzueblin.com\\\/wp-content\\\/uploads\\\/cropped-cropped-logo-von-robert-zueblin.jpg\",\"width\":440,\"height\":60,\"caption\":\"ROBERT Z\u00dcBLIN\"},\"image\":{\"@id\":\"https:\\\/\\\/www.robertzueblin.com\\\/it\\\/#\\\/schema\\\/logo\\\/image\\\/\"}}]}<\/script>\n<!-- \/ Yoast SEO plugin. -->","yoast_head_json":{"title":"Werner GILGIEN (* 1900, \u2020 1990)","robots":{"index":"index","follow":"follow","max-snippet":"max-snippet:-1","max-image-preview":"max-image-preview:large","max-video-preview":"max-video-preview:-1"},"canonical":"https:\/\/www.robertzueblin.com\/it\/werner-gilgien\/","og_locale":"it_IT","og_type":"article","og_title":"Werner GILGIEN (* 1900, \u2020 1990)","og_description":"1900 nasce ad Aarwangen, Svizzera dal 1920 insegnante, pittore, organista e direttore di coro a Bannwil (Cantone di Berna) dal 1924 studia pittura con Cuno Amiet 1926 anno sabbatico a Parigi, dove studia all&#8217;Accademia Grande Chaumi\u00e8re e all&#8217;Accademia Andr\u00e9 Lhote 1927 mostra a Langenthal  1930 Werner Gilgien sposa Margrit Hofer, dalla quale avr\u00e0 4 figli 1938 W. Gilgien partecipa alla \u00abEsposizione Svizzera d\u2019arte sacra\u00bb 1954 e 1956 soggiorni a Parigi 1965 pensionamento 1990 muore a Langenthal, Svizzera","og_url":"https:\/\/www.robertzueblin.com\/it\/werner-gilgien\/","og_site_name":"ROBERT Z\u00dcBLIN","twitter_card":"summary_large_image","schema":{"@context":"https:\/\/schema.org","@graph":[{"@type":"CollectionPage","@id":"https:\/\/www.robertzueblin.com\/it\/werner-gilgien\/","url":"https:\/\/www.robertzueblin.com\/it\/werner-gilgien\/","name":"Werner GILGIEN (* 1900, \u2020 1990)","isPartOf":{"@id":"https:\/\/www.robertzueblin.com\/it\/#website"},"breadcrumb":{"@id":"https:\/\/www.robertzueblin.com\/it\/werner-gilgien\/#breadcrumb"},"inLanguage":"it-IT"},{"@type":"BreadcrumbList","@id":"https:\/\/www.robertzueblin.com\/it\/werner-gilgien\/#breadcrumb","itemListElement":[{"@type":"ListItem","position":1,"name":"Startseite","item":"https:\/\/www.robertzueblin.com\/it\/"},{"@type":"ListItem","position":2,"name":"Werner GILGIEN (* 1900, \u2020 1990)"}]},{"@type":"WebSite","@id":"https:\/\/www.robertzueblin.com\/it\/#website","url":"https:\/\/www.robertzueblin.com\/it\/","name":"ROBERT Z\u00dcBLIN","description":"","publisher":{"@id":"https:\/\/www.robertzueblin.com\/it\/#organization"},"potentialAction":[{"@type":"SearchAction","target":{"@type":"EntryPoint","urlTemplate":"https:\/\/www.robertzueblin.com\/it\/?s={search_term_string}"},"query-input":{"@type":"PropertyValueSpecification","valueRequired":true,"valueName":"search_term_string"}}],"inLanguage":"it-IT"},{"@type":"Organization","@id":"https:\/\/www.robertzueblin.com\/it\/#organization","name":"ROBERT Z\u00dcBLIN","url":"https:\/\/www.robertzueblin.com\/it\/","logo":{"@type":"ImageObject","inLanguage":"it-IT","@id":"https:\/\/www.robertzueblin.com\/it\/#\/schema\/logo\/image\/","url":"https:\/\/www.robertzueblin.com\/wp-content\/uploads\/cropped-cropped-logo-von-robert-zueblin.jpg","contentUrl":"https:\/\/www.robertzueblin.com\/wp-content\/uploads\/cropped-cropped-logo-von-robert-zueblin.jpg","width":440,"height":60,"caption":"ROBERT Z\u00dcBLIN"},"image":{"@id":"https:\/\/www.robertzueblin.com\/it\/#\/schema\/logo\/image\/"}}]}},"_links":{"self":[{"href":"https:\/\/www.robertzueblin.com\/it\/wp-json\/wp\/v2\/product_cat\/823","targetHints":{"allow":["GET"]}}],"collection":[{"href":"https:\/\/www.robertzueblin.com\/it\/wp-json\/wp\/v2\/product_cat"}],"about":[{"href":"https:\/\/www.robertzueblin.com\/it\/wp-json\/wp\/v2\/taxonomies\/product_cat"}],"wp:post_type":[{"href":"https:\/\/www.robertzueblin.com\/it\/wp-json\/wp\/v2\/product?product_cat=823"}],"curies":[{"name":"wp","href":"https:\/\/api.w.org\/{rel}","templated":true}]}}