{"id":217,"count":5,"description":"<table>\r\n<tbody>\r\n<tr>\r\n<td style=\"padding-left: 0em!important\">\r\n<p><span style=\"font-family: AkkoPro-BoldCondensed!important\">1911<\/span> <br> Nata G\u00fclcher, a Biglia, Italia<\/p>\r\n\r\n<p><span style=\"font-family: AkkoPro-BoldCondensed!important\">1930<\/span> <br> Ingresso alla Scuola di Arti e Mestieri di Berlino-Charlottenburg<\/p>\r\n\r\n<p><span style=\"font-family: AkkoPro-BoldCondensed!important\">1933<\/span> <br> Diploma di ceramista<\/p>\r\n\r\n<p><span style=\"font-family: AkkoPro-BoldCondensed!important\">1935<\/span> <br> Matrimonio con Heiner Hans K\u00f6rting. Lavorano nell'azienda dei genitori di Heiner Hans K\u00f6rting.<\/p>\r\n\r\n<p><span style=\"font-family: AkkoPro-BoldCondensed!important\">1949<\/span> <br> La coppia rileva il laboratorio di ceramica di Otto Lindig a Dornburg<\/p>\r\n\r\n<p><span style=\"font-family: AkkoPro-BoldCondensed!important\">1954<\/span> <br> La coppia si separa e Gerda si trasferisce a Jena, poi a Saalfeld<\/p>\r\n\r\n<p><span style=\"font-family: AkkoPro-BoldCondensed!important\">1956<\/span> <br> Cofondatrice del gruppo di artisti di Saalfeld<\/p>\r\n<\/td>\r\n<td style=\"padding-left: 0.3em!important\">\r\n<p><span style=\"font-family: AkkoPro-BoldCondensed!important\">1958<\/span> <br> Esame di maestro vasaio<\/p>\r\n\r\n<p><span style=\"font-family: AkkoPro-BoldCondensed!important\">1961<\/span> <br> Fondazione del proprio laboratorio a Saalfeld<\/p>\r\n\r\n<p><span style=\"font-family: AkkoPro-BoldCondensed!important\">1971<\/span> <br> Membro dell'Associazione degli Artisti della DDR<\/p>\r\n\r\n<p><span style=\"font-family: AkkoPro-BoldCondensed!important\">dal 1973<\/span> <br> Anche il figlio Kristian K\u00f6rting lavora nell'azienda della madre<\/p>\r\n\r\n<p><span style=\"font-family: AkkoPro-BoldCondensed!important\">1989<\/span> <br> Chiusura della ceramica di Gerda K\u00f6rting<\/p>\r\n\r\n<p><span style=\"font-family: AkkoPro-BoldCondensed!important\">2000<\/span> <br> morto a Saalfeld<\/p>\r\n<\/td>\r\n<\/tr>\r\n<\/tbody>\r\n<\/table>\r\n\r\n<em>Fonte: <\/em>\r\nF\u00f6rderkreis Keramik-Museum B\u00fcrgel und Dornburger Keramik-Werkstatt e.V. (a cura di): <em>K\u00f6rting-Keramik<\/em>. In occasione della mostra \"K\u00f6rting-Keramik. Sette decenni\", dal 17 settembre 2011 al 26 febbraio 2022, pp. 10-11.\r\n\r\n<p>\u00a0<\/p>\r\n\r\n\r\n<div><span style=\"float: left;color: #a4a4a4\"><small><i>- Pubblicit\u00e0 -<\/i><\/small><\/span><\/div>\r\n\u00a0\r\n<a href=\"https:\/\/amzn.to\/3tbgvgy\" rel=\"sponsored\"><img src=\"https:\/\/m.media-amazon.com\/images\/I\/51vsIhvxOBL._SX365_BO1,204,203,200_.jpg\" alt=\"Libro Keramik in der DDR - Tradition und Moderne (Ceramica nella RDT - Tradizione e modernit\u00e0) con fotografie di ceramiche della RDT.\" style=\"width: 300px;height: auto\" \/>\r\n<div style=\"margin-top: -1em\"><strong>Keramik in der DDR - Tradition und Moderne<\/strong><\/div><\/a>\r\n\r\n<p><a href=\"https:\/\/amzn.to\/3tbgvgy\" rel=\"sponsored\" style=\"text-decoration: none;background: #D8D8D8;padding-left: 0.4em;padding-right: 0.4em;padding-top: -0.1em;padding-bottom: -0.2em;float:left\">Vedi su Amazon.de<\/a> <span>\u00a0<\/span><\/p>\r\n\r\n<p>\u00a0<\/p>","link":"https:\/\/www.robertzueblin.com\/it\/gerda-koerting\/","name":"Gerda K\u00d6RTING (* 1911, \u2020 2000)","slug":"gerda-koerting","taxonomy":"product_cat","parent":0,"meta":[],"menu_order":0,"yoast_head":"<!-- This site is optimized with the Yoast SEO plugin v27.4 - https:\/\/yoast.com\/product\/yoast-seo-wordpress\/ -->\n<title>Gerda K\u00d6RTING (* 1911, \u2020 2000)<\/title>\n<meta name=\"description\" content=\"Gerda K\u00f6rting \u00e8 una delle pi\u00f9 importanti ceramiste della RDT; membro del Saalfelder K\u00fcnstlergruppe, K\u00fcnstlergruppe Saalfeld, Saalfelder Gruppe.\" \/>\n<meta name=\"robots\" content=\"index, follow, max-snippet:-1, max-image-preview:large, max-video-preview:-1\" \/>\n<link rel=\"canonical\" href=\"https:\/\/www.robertzueblin.com\/it\/gerda-koerting\/\" \/>\n<meta property=\"og:locale\" content=\"it_IT\" \/>\n<meta property=\"og:type\" content=\"article\" \/>\n<meta property=\"og:title\" content=\"Gerda K\u00d6RTING (* 1911, \u2020 2000)\" \/>\n<meta property=\"og:description\" content=\"Gerda K\u00f6rting \u00e8 una delle pi\u00f9 importanti ceramiste della RDT; membro del Saalfelder K\u00fcnstlergruppe, K\u00fcnstlergruppe Saalfeld, Saalfelder Gruppe.\" \/>\n<meta property=\"og:url\" content=\"https:\/\/www.robertzueblin.com\/it\/gerda-koerting\/\" \/>\n<meta property=\"og:site_name\" content=\"ROBERT Z\u00dcBLIN\" \/>\n<meta property=\"og:image\" content=\"https:\/\/m.media-amazon.com\/images\/I\/51vsIhvxOBL._SX365_BO1,204,203,200_.jpg\" \/>\n<meta name=\"twitter:card\" content=\"summary_large_image\" \/>\n<script type=\"application\/ld+json\" class=\"yoast-schema-graph\">{\"@context\":\"https:\\\/\\\/schema.org\",\"@graph\":[{\"@type\":\"CollectionPage\",\"@id\":\"https:\\\/\\\/www.robertzueblin.com\\\/it\\\/gerda-koerting\\\/\",\"url\":\"https:\\\/\\\/www.robertzueblin.com\\\/it\\\/gerda-koerting\\\/\",\"name\":\"Gerda K\u00d6RTING (* 1911, \u2020 2000)\",\"isPartOf\":{\"@id\":\"https:\\\/\\\/www.robertzueblin.com\\\/it\\\/#website\"},\"description\":\"Gerda K\u00f6rting \u00e8 una delle pi\u00f9 importanti ceramiste della RDT; membro del Saalfelder K\u00fcnstlergruppe, K\u00fcnstlergruppe Saalfeld, Saalfelder Gruppe.\",\"breadcrumb\":{\"@id\":\"https:\\\/\\\/www.robertzueblin.com\\\/it\\\/gerda-koerting\\\/#breadcrumb\"},\"inLanguage\":\"it-IT\"},{\"@type\":\"BreadcrumbList\",\"@id\":\"https:\\\/\\\/www.robertzueblin.com\\\/it\\\/gerda-koerting\\\/#breadcrumb\",\"itemListElement\":[{\"@type\":\"ListItem\",\"position\":1,\"name\":\"Startseite\",\"item\":\"https:\\\/\\\/www.robertzueblin.com\\\/it\\\/\"},{\"@type\":\"ListItem\",\"position\":2,\"name\":\"Gerda K\u00d6RTING (* 1911, \u2020 2000)\"}]},{\"@type\":\"WebSite\",\"@id\":\"https:\\\/\\\/www.robertzueblin.com\\\/it\\\/#website\",\"url\":\"https:\\\/\\\/www.robertzueblin.com\\\/it\\\/\",\"name\":\"ROBERT Z\u00dcBLIN\",\"description\":\"\",\"publisher\":{\"@id\":\"https:\\\/\\\/www.robertzueblin.com\\\/it\\\/#organization\"},\"potentialAction\":[{\"@type\":\"SearchAction\",\"target\":{\"@type\":\"EntryPoint\",\"urlTemplate\":\"https:\\\/\\\/www.robertzueblin.com\\\/it\\\/?s={search_term_string}\"},\"query-input\":{\"@type\":\"PropertyValueSpecification\",\"valueRequired\":true,\"valueName\":\"search_term_string\"}}],\"inLanguage\":\"it-IT\"},{\"@type\":\"Organization\",\"@id\":\"https:\\\/\\\/www.robertzueblin.com\\\/it\\\/#organization\",\"name\":\"ROBERT Z\u00dcBLIN\",\"url\":\"https:\\\/\\\/www.robertzueblin.com\\\/it\\\/\",\"logo\":{\"@type\":\"ImageObject\",\"inLanguage\":\"it-IT\",\"@id\":\"https:\\\/\\\/www.robertzueblin.com\\\/it\\\/#\\\/schema\\\/logo\\\/image\\\/\",\"url\":\"https:\\\/\\\/www.robertzueblin.com\\\/wp-content\\\/uploads\\\/cropped-cropped-logo-von-robert-zueblin.jpg\",\"contentUrl\":\"https:\\\/\\\/www.robertzueblin.com\\\/wp-content\\\/uploads\\\/cropped-cropped-logo-von-robert-zueblin.jpg\",\"width\":440,\"height\":60,\"caption\":\"ROBERT Z\u00dcBLIN\"},\"image\":{\"@id\":\"https:\\\/\\\/www.robertzueblin.com\\\/it\\\/#\\\/schema\\\/logo\\\/image\\\/\"}}]}<\/script>\n<!-- \/ Yoast SEO plugin. -->","yoast_head_json":{"title":"Gerda K\u00d6RTING (* 1911, \u2020 2000)","description":"Gerda K\u00f6rting \u00e8 una delle pi\u00f9 importanti ceramiste della RDT; membro del Saalfelder K\u00fcnstlergruppe, K\u00fcnstlergruppe Saalfeld, Saalfelder Gruppe.","robots":{"index":"index","follow":"follow","max-snippet":"max-snippet:-1","max-image-preview":"max-image-preview:large","max-video-preview":"max-video-preview:-1"},"canonical":"https:\/\/www.robertzueblin.com\/it\/gerda-koerting\/","og_locale":"it_IT","og_type":"article","og_title":"Gerda K\u00d6RTING (* 1911, \u2020 2000)","og_description":"Gerda K\u00f6rting \u00e8 una delle pi\u00f9 importanti ceramiste della RDT; membro del Saalfelder K\u00fcnstlergruppe, K\u00fcnstlergruppe Saalfeld, Saalfelder Gruppe.","og_url":"https:\/\/www.robertzueblin.com\/it\/gerda-koerting\/","og_site_name":"ROBERT Z\u00dcBLIN","og_image":[{"url":"https:\/\/m.media-amazon.com\/images\/I\/51vsIhvxOBL._SX365_BO1,204,203,200_.jpg","type":"","width":"","height":""}],"twitter_card":"summary_large_image","schema":{"@context":"https:\/\/schema.org","@graph":[{"@type":"CollectionPage","@id":"https:\/\/www.robertzueblin.com\/it\/gerda-koerting\/","url":"https:\/\/www.robertzueblin.com\/it\/gerda-koerting\/","name":"Gerda K\u00d6RTING (* 1911, \u2020 2000)","isPartOf":{"@id":"https:\/\/www.robertzueblin.com\/it\/#website"},"description":"Gerda K\u00f6rting \u00e8 una delle pi\u00f9 importanti ceramiste della RDT; membro del Saalfelder K\u00fcnstlergruppe, K\u00fcnstlergruppe Saalfeld, Saalfelder Gruppe.","breadcrumb":{"@id":"https:\/\/www.robertzueblin.com\/it\/gerda-koerting\/#breadcrumb"},"inLanguage":"it-IT"},{"@type":"BreadcrumbList","@id":"https:\/\/www.robertzueblin.com\/it\/gerda-koerting\/#breadcrumb","itemListElement":[{"@type":"ListItem","position":1,"name":"Startseite","item":"https:\/\/www.robertzueblin.com\/it\/"},{"@type":"ListItem","position":2,"name":"Gerda K\u00d6RTING (* 1911, \u2020 2000)"}]},{"@type":"WebSite","@id":"https:\/\/www.robertzueblin.com\/it\/#website","url":"https:\/\/www.robertzueblin.com\/it\/","name":"ROBERT Z\u00dcBLIN","description":"","publisher":{"@id":"https:\/\/www.robertzueblin.com\/it\/#organization"},"potentialAction":[{"@type":"SearchAction","target":{"@type":"EntryPoint","urlTemplate":"https:\/\/www.robertzueblin.com\/it\/?s={search_term_string}"},"query-input":{"@type":"PropertyValueSpecification","valueRequired":true,"valueName":"search_term_string"}}],"inLanguage":"it-IT"},{"@type":"Organization","@id":"https:\/\/www.robertzueblin.com\/it\/#organization","name":"ROBERT Z\u00dcBLIN","url":"https:\/\/www.robertzueblin.com\/it\/","logo":{"@type":"ImageObject","inLanguage":"it-IT","@id":"https:\/\/www.robertzueblin.com\/it\/#\/schema\/logo\/image\/","url":"https:\/\/www.robertzueblin.com\/wp-content\/uploads\/cropped-cropped-logo-von-robert-zueblin.jpg","contentUrl":"https:\/\/www.robertzueblin.com\/wp-content\/uploads\/cropped-cropped-logo-von-robert-zueblin.jpg","width":440,"height":60,"caption":"ROBERT Z\u00dcBLIN"},"image":{"@id":"https:\/\/www.robertzueblin.com\/it\/#\/schema\/logo\/image\/"}}]}},"_links":{"self":[{"href":"https:\/\/www.robertzueblin.com\/it\/wp-json\/wp\/v2\/product_cat\/217","targetHints":{"allow":["GET"]}}],"collection":[{"href":"https:\/\/www.robertzueblin.com\/it\/wp-json\/wp\/v2\/product_cat"}],"about":[{"href":"https:\/\/www.robertzueblin.com\/it\/wp-json\/wp\/v2\/taxonomies\/product_cat"}],"wp:post_type":[{"href":"https:\/\/www.robertzueblin.com\/it\/wp-json\/wp\/v2\/product?product_cat=217"}],"curies":[{"name":"wp","href":"https:\/\/api.w.org\/{rel}","templated":true}]}}