{"id":700,"count":1,"description":"<strong>La pintora, ilustradora y dise\u00f1adora de vestuario Hedwig Scherrer fue una de las primeras artistas formadas en la Suiza oriental que convirtieron el arte en una profesi\u00f3n.<\/strong>\r\n\r\n<a href=\"https:\/\/www.robertzueblin.com\/es\/hedwig-scherrer\/hoher-kasten-montana-dibujo-al-crayon-de-aceite\/\"><figure class=\"newsst\"><img src=\"https:\/\/www.robertzueblin.com\/wp-content\/uploads\/hedwig-scherrer-hoher-kasten-montana-dibujo-crayon-aceite-foto-titulo.jpg\" \/><\/figure><figcaption><strong>Cuadro del Hohe Kasten pintado al pastel de \u00f3leo por Hedwig Scherrer<\/strong><\/figcaption><\/a>\r\n<div>\u00a0<\/div>\r\n<div>\u00a0<\/div>\r\n\r\n<div style=\"background: #1C1C1C;float: right;line-height: 2.2em;padding: 1em 1em 0em 1em;color: #ffffff;margin-left: 0.2em;margin-bottom: 2em;margin-left:0.5em\">\r\n<div style=\"font-family: AkkoPro-BoldCondensed;font-size: 1.2em;text-align: center\"><strong>RESUMEN<\/strong><\/div>\r\n<ul style=\"font-family: AkkoPro-BoldCondensed!important;font-size:1.1em!important;padding-left: 0.4em!important;margin-left:0.4em!important\">\r\n<li><a style=\"font-family: AkkoPro-BoldCondensed!important;color: #ffffff!important;text-decoration: none\" href=\"#Breve_biografia\">Breve biograf\u00eda<\/a><\/li>\r\n<li><a style=\"font-family: AkkoPro-BoldCondensed!important;color: #ffffff!important;text-decoration: none\" href=\"#Exposiciones\">Exposiciones de Hedwig Scherrer<\/a><\/li>\r\n<li><a style=\"font-family: AkkoPro-BoldCondensed!important;color: #ffffff!important;text-decoration: none\" href=\"#Obras\">Obras de Hedwig Scherrer<\/a><\/li>\r\n<li><a style=\"font-family: AkkoPro-BoldCondensed!important;color: #ffffff!important;text-decoration: none\" href=\"#Casa_Hedwig_Scherrer\">Casa Hedwig Scherrer<\/a><\/li>\r\n<\/ul>\r\n<\/div>\r\n\r\n<div>\u00a0<\/div>\r\n<div style=\"position:relative\">\r\n<div id=\"Breve_biografia\" style=\"position:absolute;top:-5em\"><\/div>\r\n<\/div>\r\n<h2>Breve biograf\u00eda<\/h2>\r\n<table cellpadding=\"1\">\r\n\t<tbody>\r\n\t\t<tr>\r\n\t\t\t<td style=\"padding-left: 0em!important\">\r\n\t\t\t<p><span style=\"font-family: AkkoPro-BoldCondensed!important\">1878<\/span>    <br>nacida en Sulgen (Cant\u00f3n de Turgovia), Suiza<\/p>\r\n\r\n<p><span style=\"font-family: AkkoPro-BoldCondensed!important\">1894<\/span>    <br>escuela de dibujo en el Museo del Comercio de San Gall (actual Museo Textil); clases de dibujo vegetal con Johannes Stauffacher y de dibujo figurativo con Hans Emil Hansen (Emil Nolde)<\/p>\r\n\r\n<p><span style=\"font-family: AkkoPro-BoldCondensed!important\">desde 1897<\/span>    <br>estudios en la Academia de Se\u00f1oritas de la Asociaci\u00f3n de Artistas de M\u00fanich, M\u00fanich (temas: pintura de paisaje, pintura de retrato, ilustraci\u00f3n, diversas t\u00e9cnicas de pintura e impresi\u00f3n)<\/p>\r\n\r\n<p><span style=\"font-family: AkkoPro-BoldCondensed!important\">1900<\/span>    <br>cursos de dibujo de desnudos y finalizaci\u00f3n de la formaci\u00f3n art\u00edstica, Par\u00eds<\/p>\r\n\r\n<p><span style=\"font-family: AkkoPro-BoldCondensed!important\">a partir de 1901<\/span>    <br>regresa a San Gall y comienza a trabajar como artista independiente y realizar\u00e1 entre otras cosas: \t<br>\r\n\r\n- ilustraciones para revistas y libros \t<br>- retratos \t<br>- pinturas murales para hospitales y residencias \t<br>- fondos para teatros de marionetas \t<br>- figuras de marionetas \t<br>- impresiones \/ gr\u00e1ficos comerciales \t<br>- caricaturas \t<br>- paisajes\r\n<\/p>         \r\n\r\n\t\t\t<\/td>\r\n\t\t\t<td style=\"padding-left: 0.3em!important\">\r\n<p><span style=\"font-family: AkkoPro-BoldCondensed!important\">1906-1908<\/span>    <br>construcci\u00f3n de su casa-estudio (tambi\u00e9n conocida como \u00abVilla Scherrer\u00bb y \u00abHedwig Scherrer Haus\u00bb) en Montlinger Bergli (Oberriet, St. Gallen), en Montlingen, a partir de los dise\u00f1os de Hedwig Scherrer; ella tambi\u00e9n dise\u00f1\u00f3 el mobiliario; Scherrer se instal\u00f3 en esta casa de artista de estilo Art Nouveau en 1908, aunque s\u00f3lo la utiliz\u00f3 como residencia de verano. En invierno, se alojaba en la ciudad de San Gall.<\/p>\r\n\r\n<p><span style=\"font-family: AkkoPro-BoldCondensed!important\">1920s<\/span>    <br>dise\u00f1o de trajes tradicionales y producci\u00f3n de pinturas en miniatura<\/p>\r\n\r\n<p><span style=\"font-family: AkkoPro-BoldCondensed!important\">a partir de 1933<\/span>    <br>dise\u00f1o de carteles contra la industria armament\u00edstica y la guerra<\/p>\r\n\r\n<p><span style=\"font-family: AkkoPro-BoldCondensed!important\">1940<\/span>    <br>muere en Z\u00farich de un resfriado en un hospital de Z\u00farich (Cant\u00f3n de Z\u00farich), Suiza<\/p>       \r\n\t\t\t<\/td>\r\n\t\t<\/tr>\r\n\t<\/tbody>\r\n<\/table>\r\n\r\n<strong>Directorio de artistas:<\/strong>\r\n<ul style=\"font-size: 1.1em\">\r\n<li><a href=\"https:\/\/recherche.sik-isea.ch\/en\/sik:person-4026173\/in\/sikart\/actor\/list\">Hedwig Scherrer en el l\u00e9xico SIKART<\/a><\/li>\r\n<\/ul>\r\n\r\n\r\n<div>\u00a0<\/div>\r\n<div style=\"position:relative\">\r\n<div id=\"Exposiciones\" style=\"position:absolute;top:-5em\"><\/div>\r\n<\/div>\r\n<h2>Exposiciones de Hedwig Scherrer<\/h2>\r\nHedwig Scherrer nunca mostr\u00f3 sus obras en una exposici\u00f3n de arte en vida, ya que evitaba deliberadamente el mundo del arte, que le desagradaba.\r\n\r\nTras la muerte de Hedwig Scherrer, en <strong>1941<\/strong> se celebr\u00f3 una primera exposici\u00f3n de sus obras como muestra conmemorativa en el <strong>Museo de Arte de San Gall<\/strong>.\r\n\r\nSiguieron otras exposiciones, como:\r\n\r\n<ul style=\"font-size: 1.1em\">\r\n<li><strong>1989:<\/strong> \u00abTiempo de bordado, arte y cultura en San Gall 1870-1930\u00bb en el Museo de Arte de San Gall<\/li>\r\n<li><strong>2008:<\/strong> \u00ab100 a\u00f1os de la casa taller de Montlingen\u00bb, organizado por el museo comunitario Oberriet SG y el Migros Club School de San Gall<\/li>\r\n<li><strong>2010-2012:<\/strong> <a href=\"https:\/\/kulturmuseumsg.ch\/ausstellungen\/Scherrer2010.php\">\u00abHedwig Scherrer - En busca de la Gesamtkunstwerk\u00bb en el Museo Hist\u00f3rico de San Gall<\/a><\/li>\r\n<li><strong>2020\/2021:<\/strong> <a href=\"https:\/\/kulturmuseumsg.ch\/ausstellungen\/kuenstlerinnen2020.php\">\u00ab\u00a1Pintora con aspiraciones profesionales! Once pioneros del arte suizo\u00bb en el Museo Hist\u00f3rico y Etnol\u00f3gico de San Gall (ahora Kulturmuseum St.Gallen)<\/a><\/li>\r\n<\/ul>\r\n\r\n<div><span style=\"float: left;color: #a4a4a4\"><small><i>- Anuncio -<\/i><\/small><\/span><\/div>\r\n\u00a0\r\n<a href=\"https:\/\/amzn.to\/40bdVJ4\" rel=\"sponsored\"><img src=\"https:\/\/m.media-amazon.com\/images\/I\/51cXCIe58pL.jpg\" alt=\"Pintor con aspiraciones profesionales: Once pioneros del arte suizo desde hace 100 a\u00f1os: Publicaci\u00f3n de acompa\u00f1amiento de la exposici\u00f3n \u00abBerufswunsch Malerin!\u00bb en el Historisches und V\u00f6lkerkundemuseum de San Gall, que incluye a Hedwig Scherrer.\" style=\"width: 300px;height: auto\" \/>\r\n<div style=\"margin-top: -1em\"><strong>Publicaci\u00f3n que acompa\u00f1a a la exposici\u00f3n \u00ab\u00a1Pintor con aspiraciones profesionales!\u00bb<\/strong><\/div><\/a>\r\n\r\n<p><a href=\"https:\/\/amzn.to\/40bdVJ4\" rel=\"sponsored\" style=\"text-decoration: none;background: #D8D8D8;padding-left: 0.4em;padding-right: 0.4em;padding-top: -0.1em;padding-bottom: -0.2em;float:left\">Ver en Amazon.de<\/a> <span>\u00a0<\/span><\/p>\r\n\r\n<div>\u00a0<\/div>\r\n<div style=\"position:relative\">\r\n<div id=\"Obras\" style=\"position:absolute;top:-5em\"><\/div>\r\n<\/div>\r\n<h2>Obras de Hedwig Scherrer<\/h2>\r\nA continuaci\u00f3n encontrar\u00e1 obras de Hedwig Scherrer:\r\n\r\n<div>\u00a0<\/div>","link":"https:\/\/www.robertzueblin.com\/es\/hedwig-scherrer\/","name":"Hedwig SCHERRER","slug":"hedwig-scherrer","taxonomy":"product_cat","parent":0,"meta":[],"menu_order":0,"yoast_head":"<!-- This site is optimized with the Yoast SEO plugin v27.4 - https:\/\/yoast.com\/product\/yoast-seo-wordpress\/ -->\n<title>Hedwig SCHERRER (* 1878, \u2020 1940) - Bilder kaufen<\/title>\n<meta name=\"description\" content=\"Die Malerin, Illustratorin und Trachtendesignerin Hedwig Scherrer geh\u00f6rt zu den ersten K\u00fcnstlerinnen der Ostschweiz, die die Kunst zum Beruf gemacht haben.\" \/>\n<meta name=\"robots\" content=\"index, follow, max-snippet:-1, max-image-preview:large, max-video-preview:-1\" \/>\n<link rel=\"canonical\" href=\"https:\/\/www.robertzueblin.com\/es\/hedwig-scherrer\/\" \/>\n<meta property=\"og:locale\" content=\"es_ES\" \/>\n<meta property=\"og:type\" content=\"article\" \/>\n<meta property=\"og:title\" content=\"Hedwig SCHERRER (* 1878, \u2020 1940) - Bilder kaufen\" \/>\n<meta property=\"og:description\" content=\"Die Malerin, Illustratorin und Trachtendesignerin Hedwig Scherrer geh\u00f6rt zu den ersten K\u00fcnstlerinnen der Ostschweiz, die die Kunst zum Beruf gemacht haben.\" \/>\n<meta property=\"og:url\" content=\"https:\/\/www.robertzueblin.com\/es\/hedwig-scherrer\/\" \/>\n<meta property=\"og:site_name\" content=\"ROBERT Z\u00dcBLIN\" \/>\n<meta property=\"og:image\" content=\"https:\/\/www.robertzueblin.com\/wp-content\/uploads\/hedwig-scherrer-hoher-kasten-montana-dibujo-crayon-aceite-foto-titulo.jpg\" \/>\n<meta name=\"twitter:card\" content=\"summary_large_image\" \/>\n<script type=\"application\/ld+json\" class=\"yoast-schema-graph\">{\"@context\":\"https:\\\/\\\/schema.org\",\"@graph\":[{\"@type\":\"CollectionPage\",\"@id\":\"https:\\\/\\\/www.robertzueblin.com\\\/es\\\/hedwig-scherrer\\\/\",\"url\":\"https:\\\/\\\/www.robertzueblin.com\\\/es\\\/hedwig-scherrer\\\/\",\"name\":\"Hedwig SCHERRER (* 1878, \u2020 1940) - Bilder kaufen\",\"isPartOf\":{\"@id\":\"https:\\\/\\\/www.robertzueblin.com\\\/es\\\/#website\"},\"description\":\"Die Malerin, Illustratorin und Trachtendesignerin Hedwig Scherrer geh\u00f6rt zu den ersten K\u00fcnstlerinnen der Ostschweiz, die die Kunst zum Beruf gemacht haben.\",\"breadcrumb\":{\"@id\":\"https:\\\/\\\/www.robertzueblin.com\\\/es\\\/hedwig-scherrer\\\/#breadcrumb\"},\"inLanguage\":\"es\"},{\"@type\":\"BreadcrumbList\",\"@id\":\"https:\\\/\\\/www.robertzueblin.com\\\/es\\\/hedwig-scherrer\\\/#breadcrumb\",\"itemListElement\":[{\"@type\":\"ListItem\",\"position\":1,\"name\":\"Startseite\",\"item\":\"https:\\\/\\\/www.robertzueblin.com\\\/es\\\/\"},{\"@type\":\"ListItem\",\"position\":2,\"name\":\"Hedwig SCHERRER\"}]},{\"@type\":\"WebSite\",\"@id\":\"https:\\\/\\\/www.robertzueblin.com\\\/es\\\/#website\",\"url\":\"https:\\\/\\\/www.robertzueblin.com\\\/es\\\/\",\"name\":\"ROBERT Z\u00dcBLIN\",\"description\":\"\",\"publisher\":{\"@id\":\"https:\\\/\\\/www.robertzueblin.com\\\/es\\\/#organization\"},\"potentialAction\":[{\"@type\":\"SearchAction\",\"target\":{\"@type\":\"EntryPoint\",\"urlTemplate\":\"https:\\\/\\\/www.robertzueblin.com\\\/es\\\/?s={search_term_string}\"},\"query-input\":{\"@type\":\"PropertyValueSpecification\",\"valueRequired\":true,\"valueName\":\"search_term_string\"}}],\"inLanguage\":\"es\"},{\"@type\":\"Organization\",\"@id\":\"https:\\\/\\\/www.robertzueblin.com\\\/es\\\/#organization\",\"name\":\"ROBERT Z\u00dcBLIN\",\"url\":\"https:\\\/\\\/www.robertzueblin.com\\\/es\\\/\",\"logo\":{\"@type\":\"ImageObject\",\"inLanguage\":\"es\",\"@id\":\"https:\\\/\\\/www.robertzueblin.com\\\/es\\\/#\\\/schema\\\/logo\\\/image\\\/\",\"url\":\"https:\\\/\\\/www.robertzueblin.com\\\/wp-content\\\/uploads\\\/cropped-cropped-logo-von-robert-zueblin.jpg\",\"contentUrl\":\"https:\\\/\\\/www.robertzueblin.com\\\/wp-content\\\/uploads\\\/cropped-cropped-logo-von-robert-zueblin.jpg\",\"width\":440,\"height\":60,\"caption\":\"ROBERT Z\u00dcBLIN\"},\"image\":{\"@id\":\"https:\\\/\\\/www.robertzueblin.com\\\/es\\\/#\\\/schema\\\/logo\\\/image\\\/\"}}]}<\/script>\n<!-- \/ Yoast SEO plugin. -->","yoast_head_json":{"title":"Hedwig SCHERRER (* 1878, \u2020 1940) - Bilder kaufen","description":"Die Malerin, Illustratorin und Trachtendesignerin Hedwig Scherrer geh\u00f6rt zu den ersten K\u00fcnstlerinnen der Ostschweiz, die die Kunst zum Beruf gemacht haben.","robots":{"index":"index","follow":"follow","max-snippet":"max-snippet:-1","max-image-preview":"max-image-preview:large","max-video-preview":"max-video-preview:-1"},"canonical":"https:\/\/www.robertzueblin.com\/es\/hedwig-scherrer\/","og_locale":"es_ES","og_type":"article","og_title":"Hedwig SCHERRER (* 1878, \u2020 1940) - Bilder kaufen","og_description":"Die Malerin, Illustratorin und Trachtendesignerin Hedwig Scherrer geh\u00f6rt zu den ersten K\u00fcnstlerinnen der Ostschweiz, die die Kunst zum Beruf gemacht haben.","og_url":"https:\/\/www.robertzueblin.com\/es\/hedwig-scherrer\/","og_site_name":"ROBERT Z\u00dcBLIN","og_image":[{"url":"https:\/\/www.robertzueblin.com\/wp-content\/uploads\/hedwig-scherrer-hoher-kasten-montana-dibujo-crayon-aceite-foto-titulo.jpg","type":"","width":"","height":""}],"twitter_card":"summary_large_image","schema":{"@context":"https:\/\/schema.org","@graph":[{"@type":"CollectionPage","@id":"https:\/\/www.robertzueblin.com\/es\/hedwig-scherrer\/","url":"https:\/\/www.robertzueblin.com\/es\/hedwig-scherrer\/","name":"Hedwig SCHERRER (* 1878, \u2020 1940) - Bilder kaufen","isPartOf":{"@id":"https:\/\/www.robertzueblin.com\/es\/#website"},"description":"Die Malerin, Illustratorin und Trachtendesignerin Hedwig Scherrer geh\u00f6rt zu den ersten K\u00fcnstlerinnen der Ostschweiz, die die Kunst zum Beruf gemacht haben.","breadcrumb":{"@id":"https:\/\/www.robertzueblin.com\/es\/hedwig-scherrer\/#breadcrumb"},"inLanguage":"es"},{"@type":"BreadcrumbList","@id":"https:\/\/www.robertzueblin.com\/es\/hedwig-scherrer\/#breadcrumb","itemListElement":[{"@type":"ListItem","position":1,"name":"Startseite","item":"https:\/\/www.robertzueblin.com\/es\/"},{"@type":"ListItem","position":2,"name":"Hedwig SCHERRER"}]},{"@type":"WebSite","@id":"https:\/\/www.robertzueblin.com\/es\/#website","url":"https:\/\/www.robertzueblin.com\/es\/","name":"ROBERT Z\u00dcBLIN","description":"","publisher":{"@id":"https:\/\/www.robertzueblin.com\/es\/#organization"},"potentialAction":[{"@type":"SearchAction","target":{"@type":"EntryPoint","urlTemplate":"https:\/\/www.robertzueblin.com\/es\/?s={search_term_string}"},"query-input":{"@type":"PropertyValueSpecification","valueRequired":true,"valueName":"search_term_string"}}],"inLanguage":"es"},{"@type":"Organization","@id":"https:\/\/www.robertzueblin.com\/es\/#organization","name":"ROBERT Z\u00dcBLIN","url":"https:\/\/www.robertzueblin.com\/es\/","logo":{"@type":"ImageObject","inLanguage":"es","@id":"https:\/\/www.robertzueblin.com\/es\/#\/schema\/logo\/image\/","url":"https:\/\/www.robertzueblin.com\/wp-content\/uploads\/cropped-cropped-logo-von-robert-zueblin.jpg","contentUrl":"https:\/\/www.robertzueblin.com\/wp-content\/uploads\/cropped-cropped-logo-von-robert-zueblin.jpg","width":440,"height":60,"caption":"ROBERT Z\u00dcBLIN"},"image":{"@id":"https:\/\/www.robertzueblin.com\/es\/#\/schema\/logo\/image\/"}}]}},"_links":{"self":[{"href":"https:\/\/www.robertzueblin.com\/es\/wp-json\/wp\/v2\/product_cat\/700","targetHints":{"allow":["GET"]}}],"collection":[{"href":"https:\/\/www.robertzueblin.com\/es\/wp-json\/wp\/v2\/product_cat"}],"about":[{"href":"https:\/\/www.robertzueblin.com\/es\/wp-json\/wp\/v2\/taxonomies\/product_cat"}],"wp:post_type":[{"href":"https:\/\/www.robertzueblin.com\/es\/wp-json\/wp\/v2\/product?product_cat=700"}],"curies":[{"name":"wp","href":"https:\/\/api.w.org\/{rel}","templated":true}]}}