{"id":523,"count":2,"description":"<table>\r\n<tbody>\r\n<tr>\r\n<td style=\"padding-left: 0em!important\">\r\n<p><span style=\"font-family: AkkoPro-BoldCondensed!important\">1893<\/span> <br> nace en Friburgo de Brisgovia (Baden-Wurtemberg), Alemania<\/p>\r\n\r\n- de ni\u00f1o recibe clases de viol\u00edn\r\n\r\n<p><span style=\"font-family: AkkoPro-BoldCondensed!important\">1913<\/span> <br>- acaba el bachillerato<\/p>\r\n\r\n- estudia Historia del Arte en la Universidad de Friburgo\r\n\r\n<p><span style=\"font-family: AkkoPro-BoldCondensed!important\">1914<\/span> <br>- comienza a estudiar arte en la Academia de Arte de Karlsruhe<\/p>\r\n\r\n- interrumpe sus estudios por ser llamado al servicio militar (puesto de vigilancia postal de Friburgo), donde conoce al pintor Hans Adolf B\u00fchler y al fil\u00f3sofo Martin Heidegger.\r\n\r\n<p><span style=\"font-family: AkkoPro-BoldCondensed!important\">1919<\/span> <br>el sin\u00f3logo Ernst Grosse introduce a Julius Bissier en el arte asi\u00e1tico<\/p>\r\n\r\n<p><span style=\"font-family: AkkoPro-BoldCondensed!important\">1920<\/span> <br> exposici\u00f3n individual en el Kunstverein de Friburgo<\/p>\r\n\r\n<p><span style=\"font-family: AkkoPro-BoldCondensed!important\">1922<\/span> <br> matrimonio con la tejedora Lisbeth Bissier<\/p>\r\n\r\n<p><span style=\"font-family: AkkoPro-BoldCondensed!important\">segunda mitad de los a\u00f1os veinte<\/span> <br> numerosas exposiciones individuales y colectivas y reconocimiento nacional<\/p>\r\n\r\n<p><span style=\"font-family: AkkoPro-BoldCondensed!important\">1928<\/span> <br>- Premio de Pintura de la Deutscher K\u00fcnstlerbund, Hannover<\/p>\r\n\r\n- Medalla de Oro de D\u00fcsseldorf\r\n\r\n<p><span style=\"font-family: AkkoPro-BoldCondensed!important\">1929<\/span> <br> profesor en la Universidad de Friburgo, donde tiene su propio estudio<\/p>\r\n\r\n<\/td>\r\n<td style=\"padding-left: 0.3em!important\">\r\n<p><span style=\"font-family: AkkoPro-BoldCondensed!important\">1934<\/span> <br>- debido a que se quemaron casi todas sus obras en un incendio en el edificio principal de la universidad, y a la muerte de su hijo ese mismo a\u00f1o, Bissier se retira de la vida p\u00fablica.<\/p>\r\n\r\n- amistad con Oskar Schlemmer\r\n\r\n<p><span style=\"font-family: AkkoPro-BoldCondensed!important\">1935 y 1937<\/span> <br> viaja a Italia, donde crea paisajes abstractos en tinta.<\/p>\r\n\r\n<p><span style=\"font-family: AkkoPro-BoldCondensed!important\">1937<\/span> <br> su obra es prohibida por los nazis por considerarla \"arte degenerado\".<\/p>\r\n\r\n<p><span style=\"font-family: AkkoPro-BoldCondensed!important\">1939<\/span> <br> se traslada a Hagnau, a orillas del lago de Constanza, donde apenas tiene actividad art\u00edstica durante la guerra. La familia vive del negocio de tejidos que regenta su esposa Lisbeth Bissier. Julius Bissier se ocupaba de la correspondencia y la contabilidad.<\/p>\r\n\r\n<p><span style=\"font-family: AkkoPro-BoldCondensed!important\">1941<\/span> <br> en adelante colabora con el ceramista Richard Bampi en varias cer\u00e1micas; Julius Bissier introduce a Richard Bampi en la filosof\u00eda del budismo zen<\/p>\r\n\r\n<p><span style=\"font-family: AkkoPro-BoldCondensed!important\">1956<\/span> <br> dise\u00f1o de un cuadro de cer\u00e1mica en colaboraci\u00f3n con Richard Bampi para la Universidad Albert Ludwig de Friburgo, tambi\u00e9n llamado \"El cuadro de cer\u00e1mica de Friburgo\".<\/p>\r\n\r\n<p><span style=\"font-family: AkkoPro-BoldCondensed!important\">1958<\/span> <br> el historiador del arte Werner Schmalenbach organiza en Hannover su primera gran exposici\u00f3n tras el final de la guerra; a partir de entonces, Bissier recibe un gran reconocimiento internacional.<\/p>\r\n\r\n<p><span style=\"font-family: AkkoPro-BoldCondensed!important\">1961<\/span> <br> - se traslada a Ascona, Tesino, Suiza.<\/p>\r\n\r\n- miembro de la Academia de Bellas Artes de Berl\u00edn\r\n\r\n- exposiciones en Bruselas, Jerusal\u00e9n, Nueva York, Boston, Chicago \r\n\r\n<p><span style=\"font-family: AkkoPro-BoldCondensed!important\">1965<\/span> <br> muere en Ascona, Suiza<\/p>\r\n\r\n<\/td>\r\n<\/tr>\r\n<\/tbody>\r\n<\/table>\r\n\r\n\r\n<p>\u00a0<\/p>","link":"https:\/\/www.robertzueblin.com\/es\/julius-bissier\/","name":"Julius BISSIER (* 1896, \u2020 1965)","slug":"julius-bissier","taxonomy":"product_cat","parent":0,"meta":[],"menu_order":0,"yoast_head":"<!-- This site is optimized with the Yoast SEO plugin v27.4 - https:\/\/yoast.com\/product\/yoast-seo-wordpress\/ -->\n<title>Julius BISSIER (* 1896, \u2020 1965)<\/title>\n<meta name=\"description\" content=\"El pintor Julius Bissier -que tambi\u00e9n dise\u00f1\u00f3 cer\u00e1micas para Richard Bampi- proced\u00eda de Alemania y m\u00e1s tarde vivi\u00f3 en Ascona (Suiza).\" \/>\n<meta name=\"robots\" content=\"index, follow, max-snippet:-1, max-image-preview:large, max-video-preview:-1\" \/>\n<link rel=\"canonical\" href=\"https:\/\/www.robertzueblin.com\/es\/julius-bissier\/\" \/>\n<meta property=\"og:locale\" content=\"es_ES\" \/>\n<meta property=\"og:type\" content=\"article\" \/>\n<meta property=\"og:title\" content=\"Julius BISSIER (* 1896, \u2020 1965)\" \/>\n<meta property=\"og:description\" content=\"El pintor Julius Bissier -que tambi\u00e9n dise\u00f1\u00f3 cer\u00e1micas para Richard Bampi- proced\u00eda de Alemania y m\u00e1s tarde vivi\u00f3 en Ascona (Suiza).\" \/>\n<meta property=\"og:url\" content=\"https:\/\/www.robertzueblin.com\/es\/julius-bissier\/\" \/>\n<meta property=\"og:site_name\" content=\"ROBERT Z\u00dcBLIN\" \/>\n<meta name=\"twitter:card\" content=\"summary_large_image\" \/>\n<script type=\"application\/ld+json\" class=\"yoast-schema-graph\">{\"@context\":\"https:\\\/\\\/schema.org\",\"@graph\":[{\"@type\":\"CollectionPage\",\"@id\":\"https:\\\/\\\/www.robertzueblin.com\\\/es\\\/julius-bissier\\\/\",\"url\":\"https:\\\/\\\/www.robertzueblin.com\\\/es\\\/julius-bissier\\\/\",\"name\":\"Julius BISSIER (* 1896, \u2020 1965)\",\"isPartOf\":{\"@id\":\"https:\\\/\\\/www.robertzueblin.com\\\/es\\\/#website\"},\"description\":\"El pintor Julius Bissier -que tambi\u00e9n dise\u00f1\u00f3 cer\u00e1micas para Richard Bampi- proced\u00eda de Alemania y m\u00e1s tarde vivi\u00f3 en Ascona (Suiza).\",\"breadcrumb\":{\"@id\":\"https:\\\/\\\/www.robertzueblin.com\\\/es\\\/julius-bissier\\\/#breadcrumb\"},\"inLanguage\":\"es\"},{\"@type\":\"BreadcrumbList\",\"@id\":\"https:\\\/\\\/www.robertzueblin.com\\\/es\\\/julius-bissier\\\/#breadcrumb\",\"itemListElement\":[{\"@type\":\"ListItem\",\"position\":1,\"name\":\"Startseite\",\"item\":\"https:\\\/\\\/www.robertzueblin.com\\\/es\\\/\"},{\"@type\":\"ListItem\",\"position\":2,\"name\":\"Julius BISSIER (* 1896, \u2020 1965)\"}]},{\"@type\":\"WebSite\",\"@id\":\"https:\\\/\\\/www.robertzueblin.com\\\/es\\\/#website\",\"url\":\"https:\\\/\\\/www.robertzueblin.com\\\/es\\\/\",\"name\":\"ROBERT Z\u00dcBLIN\",\"description\":\"\",\"publisher\":{\"@id\":\"https:\\\/\\\/www.robertzueblin.com\\\/es\\\/#organization\"},\"potentialAction\":[{\"@type\":\"SearchAction\",\"target\":{\"@type\":\"EntryPoint\",\"urlTemplate\":\"https:\\\/\\\/www.robertzueblin.com\\\/es\\\/?s={search_term_string}\"},\"query-input\":{\"@type\":\"PropertyValueSpecification\",\"valueRequired\":true,\"valueName\":\"search_term_string\"}}],\"inLanguage\":\"es\"},{\"@type\":\"Organization\",\"@id\":\"https:\\\/\\\/www.robertzueblin.com\\\/es\\\/#organization\",\"name\":\"ROBERT Z\u00dcBLIN\",\"url\":\"https:\\\/\\\/www.robertzueblin.com\\\/es\\\/\",\"logo\":{\"@type\":\"ImageObject\",\"inLanguage\":\"es\",\"@id\":\"https:\\\/\\\/www.robertzueblin.com\\\/es\\\/#\\\/schema\\\/logo\\\/image\\\/\",\"url\":\"https:\\\/\\\/www.robertzueblin.com\\\/wp-content\\\/uploads\\\/cropped-cropped-logo-von-robert-zueblin.jpg\",\"contentUrl\":\"https:\\\/\\\/www.robertzueblin.com\\\/wp-content\\\/uploads\\\/cropped-cropped-logo-von-robert-zueblin.jpg\",\"width\":440,\"height\":60,\"caption\":\"ROBERT Z\u00dcBLIN\"},\"image\":{\"@id\":\"https:\\\/\\\/www.robertzueblin.com\\\/es\\\/#\\\/schema\\\/logo\\\/image\\\/\"}}]}<\/script>\n<!-- \/ Yoast SEO plugin. -->","yoast_head_json":{"title":"Julius BISSIER (* 1896, \u2020 1965)","description":"El pintor Julius Bissier -que tambi\u00e9n dise\u00f1\u00f3 cer\u00e1micas para Richard Bampi- proced\u00eda de Alemania y m\u00e1s tarde vivi\u00f3 en Ascona (Suiza).","robots":{"index":"index","follow":"follow","max-snippet":"max-snippet:-1","max-image-preview":"max-image-preview:large","max-video-preview":"max-video-preview:-1"},"canonical":"https:\/\/www.robertzueblin.com\/es\/julius-bissier\/","og_locale":"es_ES","og_type":"article","og_title":"Julius BISSIER (* 1896, \u2020 1965)","og_description":"El pintor Julius Bissier -que tambi\u00e9n dise\u00f1\u00f3 cer\u00e1micas para Richard Bampi- proced\u00eda de Alemania y m\u00e1s tarde vivi\u00f3 en Ascona (Suiza).","og_url":"https:\/\/www.robertzueblin.com\/es\/julius-bissier\/","og_site_name":"ROBERT Z\u00dcBLIN","twitter_card":"summary_large_image","schema":{"@context":"https:\/\/schema.org","@graph":[{"@type":"CollectionPage","@id":"https:\/\/www.robertzueblin.com\/es\/julius-bissier\/","url":"https:\/\/www.robertzueblin.com\/es\/julius-bissier\/","name":"Julius BISSIER (* 1896, \u2020 1965)","isPartOf":{"@id":"https:\/\/www.robertzueblin.com\/es\/#website"},"description":"El pintor Julius Bissier -que tambi\u00e9n dise\u00f1\u00f3 cer\u00e1micas para Richard Bampi- proced\u00eda de Alemania y m\u00e1s tarde vivi\u00f3 en Ascona (Suiza).","breadcrumb":{"@id":"https:\/\/www.robertzueblin.com\/es\/julius-bissier\/#breadcrumb"},"inLanguage":"es"},{"@type":"BreadcrumbList","@id":"https:\/\/www.robertzueblin.com\/es\/julius-bissier\/#breadcrumb","itemListElement":[{"@type":"ListItem","position":1,"name":"Startseite","item":"https:\/\/www.robertzueblin.com\/es\/"},{"@type":"ListItem","position":2,"name":"Julius BISSIER (* 1896, \u2020 1965)"}]},{"@type":"WebSite","@id":"https:\/\/www.robertzueblin.com\/es\/#website","url":"https:\/\/www.robertzueblin.com\/es\/","name":"ROBERT Z\u00dcBLIN","description":"","publisher":{"@id":"https:\/\/www.robertzueblin.com\/es\/#organization"},"potentialAction":[{"@type":"SearchAction","target":{"@type":"EntryPoint","urlTemplate":"https:\/\/www.robertzueblin.com\/es\/?s={search_term_string}"},"query-input":{"@type":"PropertyValueSpecification","valueRequired":true,"valueName":"search_term_string"}}],"inLanguage":"es"},{"@type":"Organization","@id":"https:\/\/www.robertzueblin.com\/es\/#organization","name":"ROBERT Z\u00dcBLIN","url":"https:\/\/www.robertzueblin.com\/es\/","logo":{"@type":"ImageObject","inLanguage":"es","@id":"https:\/\/www.robertzueblin.com\/es\/#\/schema\/logo\/image\/","url":"https:\/\/www.robertzueblin.com\/wp-content\/uploads\/cropped-cropped-logo-von-robert-zueblin.jpg","contentUrl":"https:\/\/www.robertzueblin.com\/wp-content\/uploads\/cropped-cropped-logo-von-robert-zueblin.jpg","width":440,"height":60,"caption":"ROBERT Z\u00dcBLIN"},"image":{"@id":"https:\/\/www.robertzueblin.com\/es\/#\/schema\/logo\/image\/"}}]}},"_links":{"self":[{"href":"https:\/\/www.robertzueblin.com\/es\/wp-json\/wp\/v2\/product_cat\/523","targetHints":{"allow":["GET"]}}],"collection":[{"href":"https:\/\/www.robertzueblin.com\/es\/wp-json\/wp\/v2\/product_cat"}],"about":[{"href":"https:\/\/www.robertzueblin.com\/es\/wp-json\/wp\/v2\/taxonomies\/product_cat"}],"wp:post_type":[{"href":"https:\/\/www.robertzueblin.com\/es\/wp-json\/wp\/v2\/product?product_cat=523"}],"curies":[{"name":"wp","href":"https:\/\/api.w.org\/{rel}","templated":true}]}}