{"id":494,"count":2,"description":"<a href=\"https:\/\/www.robertzueblin.com\/es\/tipo\/pintura\"><div style=\"font-family: AkkoPro-BoldCondensed!important;text-decoration: none;color: #ffffff!important;background: #000000;padding-left: 0.4em;padding-right: 0.4em;padding-top: 0.1em;padding-bottom: 0.1em;float:left\">Fot\u00f3grafos<\/div><\/a>\r\n\r\n<span>\u00a0<\/span>\r\n\r\n<strong>El fot\u00f3grafo Albert Steiner (abreviado: A. Steiner, pero tambi\u00e9n llamado Albert Steiner-Hirsbrunner) es el fot\u00f3grafo paisajista suizo m\u00e1s conocido del siglo XX, es decir, el fot\u00f3grafo suizo n\u00famero uno y uno de los primeros fot\u00f3grafos de arte de Suiza.<\/strong>\r\n\r\n<figure class=\"newsst\"><img src=\"https:\/\/www.robertzueblin.com\/wp-content\/uploads\/albert-steiner-fotografo-1.jpg\" alt=\"Albert Steiner es uno de los fot\u00f3grafos m\u00e1s importantes de Suiza, aqu\u00ed el motivo de la fotograf\u00eda Vista a Bellavista - Grupo Bernina, por lo que se trata de un grabado en cobre de una revista suiza.\" \/><\/figure><figcaption><strong><a href=\"https:\/\/www.robertzueblin.com\/es\/albert-steiner\/vista-direccion-bellavista-grupo-bernina\/\">\"Vista en direcci\u00f3n a Bellavista (Grupo Bernina)\" - Huecograbado de una fotograf\u00eda del fot\u00f3grafo de arte Albert Steiner de St. Moritz<\/a><\/strong><\/figcaption>\r\n<div>\u00a0<\/div>\r\n<div>\u00a0<\/div>\r\n\r\n<div style=\"background: #1C1C1C;float: right;line-height: 2.2em;padding: 1em 1em 0em 1em;color: #ffffff;margin-left: 0.2em;margin-bottom: 2em;margin-left:0.5em\">\r\n<div style=\"font-family: AkkoPro-BoldCondensed;font-size: 1.2em;text-align: center\"><strong>\u00cdNDICE<\/strong><\/div>\r\n<a style=\"font-family: AkkoPro-BoldCondensed!important;color: #ffffff!important;text-decoration: none\" href=\"#Breve_biografia\">Breve biograf\u00eda<\/a>\r\n<a style=\"font-family: AkkoPro-BoldCondensed!important;color: #ffffff!important;text-decoration: none\" href=\"#Fotografo_artistico_A_Steiner\">Fot\u00f3grafo art\u00edstico A. Steiner<\/a>\r\n<a style=\"font-family: AkkoPro-BoldCondensed!important;color: #ffffff!important;text-decoration: none\" href=\"#Publicaciones\">Publicaciones<\/a>\r\n<a style=\"font-family: AkkoPro-BoldCondensed!important;color: #ffffff!important;text-decoration: none\" href=\"#Fuentes\">Fuentes<\/a>\r\n<a style=\"font-family: AkkoPro-BoldCondensed!important;color: #ffffff!important;text-decoration: none\" href=\"#Obras_de_Albert_Steiner\">Obras de Albert Steiner<\/a>\r\n<\/div>\r\n\r\nA. Steiner dio a conocer al mundo la Engadina (especialmente los motivos de la Alta Engadina: St. Moritz, Sils Maria, Pontresina, Maloja, el lago Silvaplana (Silvaplanersee), el lago Silser See, Piz da la Margna, el Grupo Bernina y muchos m\u00e1s) a trav\u00e9s de los numerosos motivos de postales que se remontan a la obra fotogr\u00e1fica de Albert Steiner. No en vano, a <strong>\"Albert Steiner\"<\/strong> tambi\u00e9n se le llama <strong>\"El ojo de la Engadina\"<\/strong>. Tambi\u00e9n existen varias publicaciones de la obra fotogr\u00e1fica de Albert Steiner.\r\n\r\nAlbert Steiner ya era muy emprendedor en vida. Sus fotograf\u00edas de paisajes de la Engadina figuran entre las m\u00e1s reproducidas de la \u00e9poca. Adem\u00e1s de los numerosos motivos de tarjetas postales que publicaba en su propia \"Verlag Albert Steiner, St. Moritz\", sus propias fotograf\u00edas tambi\u00e9n se imprim\u00edan y vend\u00edan en passepartouts firmados, que se enmarcaban. Adem\u00e1s, sus fotograf\u00edas pueden encontrarse en carteles, folletos, peri\u00f3dicos y revistas, as\u00ed como en numerosos libros.\r\n\r\nAlgunas de sus fotograf\u00edas destacan por la atm\u00f3sfera que captan, como la <a href=\"https:\/\/www.artnet.de\/k%C3%BCnstler\/albert-steiner\/winterabendfrieden-am-silvaplanersee-oberengadin-XtOnZ58gECInche8B5G7Fw2\">foto de Albert Steiner \"Tarde de invierno, paz en el lago Silvaplana\"<\/a>, la <a href=\"https:\/\/www.germannauktionen.ch\/de\/items\/18292-albert-steiner\">foto \"D\u00eda de verano en el lago Silvaplana, Alta Engadina\"<\/a> o <a href=\"https:\/\/www.kollerauktionen.ch\/de\/335624-0006-1189-ALBERT-STEINER-_1877-1965_.-_B-1189_474038.html\">la foto \"Vista a Bellavista (Grupo Bernina)\"<\/a>.\r\n\r\nA. Steiner tambi\u00e9n es conocido por sus fotograf\u00edas profesionales de arquitectura, por ejemplo del Hospital Cantonal de los Grisones en Chur.\r\n\r\n<div>\u00a0<\/div>\r\n<div>\r\n<div id=\"Breve_biografia\"><\/div>\r\n<\/div>\r\n<h2>Breve biograf\u00eda<\/h2>\r\n<table cellpadding=\"1\">\r\n\t<tbody>\r\n\t\t<tr>\r\n\t\t\t<td style=\"padding-left: 0em!important\">\r\n\t\t\t<p><span style=\"font-family: AkkoPro-BoldCondensed!important\">1877<\/span>    <br>nace en Frutigen, Suiza<\/p>\r\n\r\n\t\t\t<p><span style=\"font-family: AkkoPro-BoldCondensed!important\">1897<\/span>    <br>  \u25a0 realiza un aprendizaje como fot\u00f3grafo con Jean Moegl\u00e9, Thun \r\n\r\n<br>  \u25a0 trabaja para el fot\u00f3grafo Fred Boissonnas, Ginebra<\/p>\r\n\r\n\t\t\t<p><span style=\"font-family: AkkoPro-BoldCondensed!important\">1904<\/span>    <br>crea su propia empresa, Ginebra<\/p>\r\n\t\t\t<\/td>\r\n\t\t\t<td style=\"padding-left: 0.3em!important\">\r\n\t\t\t<p><span style=\"font-family: AkkoPro-BoldCondensed!important\">1905<\/span>    <br>estudio junto con su hermano Hermann Steiner, Berna<\/p>\r\n\r\n\t\t\t<p><span style=\"font-family: AkkoPro-BoldCondensed!important\">1906<\/span>    <br>trabaja para el fot\u00f3grafo Walther K\u00fcpfer, St. Moritz<\/p>\r\n\r\n\t\t\t<p><span style=\"font-family: AkkoPro-BoldCondensed!important\">a partit de 1909<\/span>    <br>estudio fotogr\u00e1fico propio, St. Moritz<\/p>\r\n\r\n\t\t\t<p><span style=\"font-family: AkkoPro-BoldCondensed!important\">1965<\/span>    <br>fallece en Frutigen, Suiza<\/p>\r\n\t\t\t<\/td>\r\n\t\t<\/tr>\r\n\t<\/tbody>\r\n<\/table>\r\n\r\n<div><span style=\"float: left;color: #a4a4a4\"><small><i>- Anuncio publicitario -<\/i><\/small><\/span><\/div>\r\n\u00a0\r\n<a href=\"https:\/\/amzn.to\/3rKhBCx\" rel=\"sponsored\"><img src=\"https:\/\/m.media-amazon.com\/images\/I\/3118HV-ZwSL._SX399_BO1,204,203,200_.jpg\" alt=\"El pionero fotogr\u00e1fico bern\u00e9s Jean Moegl\u00e9: monta\u00f1as, hoteles y salones (Passepartout)\" style=\"width: 300px;height: auto\" \/>\r\n<div style=\"margin-top: -1em\"><strong>Libro sobre el profesor de Steiner, Jean Moegl\u00e9<\/strong><\/div><\/a>\r\n\r\n<p><a href=\"https:\/\/amzn.to\/3rKhBCx\" rel=\"sponsored\" style=\"text-decoration: none;background: #D8D8D8;padding-left: 0.4em;padding-right: 0.4em;padding-top: -0.1em;padding-bottom: -0.2em;float:left\">Ver en Amazon.de<\/a> <span>\u00a0<\/span><\/p>\r\n<div>\u00a0<\/div>\r\n\r\n<div>\u00a0<\/div>\r\n<div>\r\n<div id=\"Fotografo_artistico_A_Steiner\"><\/div>\r\n<\/div>\r\n<h2>Fot\u00f3grafo art\u00edstico A. Steiner<\/h2>\r\nLa importancia de Albert Steiner como fot\u00f3grafo de arte se aprecia, por ejemplo, en sus composiciones fotogr\u00e1ficas, en las que se inspiraba en el paralelismo del pintor Ferdinand Hodler. Los cuadros de paisajes del pintor de los Grisones Giovanni Segantini, dedicado al simbolismo, tambi\u00e9n sirvieron a A. Steiner como fuente de inspiraci\u00f3n para sus fotograf\u00edas. Al igual que los cuadros de un Giovanni Giacometti. \r\n\r\nSteiner se ve\u00eda a s\u00ed mismo como un artista. Para \u00e9l, la fotograf\u00eda era un medio independiente de desarrollo art\u00edstico. Steiner descubri\u00f3 la Engadina cuando trabaj\u00f3 con el fot\u00f3grafo Walther K\u00fcpfer en St. Moritz. Moritz [1] Sus motivos inclu\u00edan numerosas tomas de paisajes, desde paisajes monta\u00f1osos cubiertos de nieve y prados en flor hasta juegos de luces en el cielo nublado con m\u00edsticos rayos de sol sobre el paisaje lacustre de la Alta Engadina. Steiner tambi\u00e9n retrat\u00f3 a pastores y agricultores que conoci\u00f3 en sus excursiones por los valles alpinos de la Alta Engadina.\r\n\r\nCuando Steiner escenifica \u00e1rboles nevados, grupos de \u00e1rboles o flores, su estilo fotogr\u00e1fico recuerda al de la Nueva Objetividad. Muchas de sus fotos transmiten la imagen de una naturaleza intacta cuando en ellas no hay signos de civilizaci\u00f3n humana. A ello le ayud\u00f3 el hecho de que los Grisones son el cant\u00f3n menos poblado de Suiza, lo que se debe especialmente a que los altos valles alpinos y las monta\u00f1as son dif\u00edciles de controlar por el hombre.\r\n\r\nAlbert Steiner ha contribuido sin duda a que Suiza sea percibida como un para\u00edso alpino. [2] \r\n\r\n<div>\u00a0<\/div>\r\n<div>\r\n<div id=\"Publicaciones\"><\/div>\r\n<\/div>\r\n<h2>Publicaciones<\/h2>\r\nExisten numerosas publicaciones en las que se pueden encontrar fotograf\u00edas de Albert Steiner. He aqu\u00ed una selecci\u00f3n:\r\n\r\n<ul style=\"font-size: 1.1em\">\r\n<li>Paisajes de Engadina: Engadiner Landschaften, Z\u00fcrich 1927.<\/li>\r\n<li><a href=\"#Schnee-Winter-Sonne\">Nieve, invierno, sol: Schnee, Winter, Sonne, Erlenbach bei Z\u00fcrich 1930.<\/a><\/li>\r\n<li>Engadin. Invierno - Hiver, Phot. Wehrliverlag Kilchberg und A. Steiner, St. Moritz, 1931.<\/li>\r\n<li><a href=\"#Die-vier-Jahreszeiten\">Las cuatro estaciones: Gottardo Segantini\/Albert Steiner: Die vier Jahreszeiten, Erlenbach bei Z\u00fcrich 1938.<\/a><\/li>\r\n<li><a href=\"#Du-grosses-stilles-Leuchten\">\u00abTu gran resplandor silencioso\u00bb: \u00abDu grosses stilles Leuchten\u00bb : Albert Steiner (1877 - 1965) und die B\u00fcndner Landschaftsphotographie, Photographien aus der Sammlung Herzog, Basel, Z\u00fcrich 1992.<\/a><\/li>\r\n<li><a href=\"#Albert-Steiner-Das-fotografische-Werk\">La obra fotogr\u00e1fica: Albert Steiner, Das fotografische Werk, Ausstellungskatalog \"\u00dcber T\u00e4lern und Menschen, Albert Steiner\", Chur 2005.<\/a><\/li>\r\n<li><a href=\"#Architekturfotografie-des-Kantonsspitals-Graub\u00fcnden\">Fotograf\u00eda arquitect\u00f3nica del Hospital Cantonal de los Grisones 1941 \/ 2020: Albert Steiner \u2013 Ralph Feiner: Architekturfotografie des Kantonsspitals Graub\u00fcnden 1941 \/ 2020, Z\u00fcrich 2021.<\/a><\/li>\r\n<\/ul>\r\n\r\n\r\n<div>\u00a0<\/div>\r\n<div>\r\n<div id=\"Schnee-Winter-Sonne\"><\/div>\r\n<\/div>\r\n<h3>Nieve, invierno, sol<\/h3>\r\nEl libro <em>Schnee, Winter, Sonne. 48 Aufnahmen von Albert Steiner<\/em> (\"Nieve, invierno, sol. 48 Photographs de Albert Steiner\") es un libro de 1930 con 48 fotograf\u00edas en blanco y negro del fot\u00f3grafo A. Steiner. El libro fue publicado por Rotapfel-Verlag (Erlenbach, cerca de Z\u00farich). El texto es de Felix Moeschlin. \"Nieve, invierno, sol\" tambi\u00e9n se conoce como el primer \u00e1lbum fotogr\u00e1fico moderno sobre Suiza. [3]\r\n\r\n<div><span style=\"float: left;color: #a4a4a4\"><small><i>- Anuncio publicitario -<\/i><\/small><\/span><\/div>\r\n\u00a0\r\n<a href=\"https:\/\/amzn.to\/478hJMv\" rel=\"sponsored\"><img src=\"https:\/\/m.media-amazon.com\/images\/I\/416kr-oAPLL._SX378_BO1,204,203,200_.jpg\" alt=\"Libro de Albert Steiner Nieve, invierno, sol de 1930.\" style=\"width: 300px;height: auto\" \/>\r\n<div style=\"margin-top: -1em\"><strong>Schnee, Winter, Sonne mit 48 Aufnahmen von Albert Steiner<\/strong><\/div><\/a>\r\n\r\n<p><a href=\"https:\/\/amzn.to\/478hJMv\" rel=\"sponsored\" style=\"text-decoration: none;background: #D8D8D8;padding-left: 0.4em;padding-right: 0.4em;padding-top: -0.1em;padding-bottom: -0.2em;float:left\">Ver en Amazon.de<\/a> <span>\u00a0<\/span><\/p>\r\n<div>\u00a0<\/div>\r\n\r\n<div>\u00a0<\/div>\r\n<div>\r\n<div id=\"Die-vier-Jahreszeiten\"><\/div>\r\n<\/div>\r\n<h3>Las cuatro estaciones. En palabra e imagen<\/h3>\r\nEl libro <em>Die vier Jahreszeiten. In Wort und Bild<\/em> (\"Las cuatro estaciones. En palabra e imagen\") fue publicado por Rotapfel-Verlag (Erlenbach, cerca de Z\u00farich) en 1938. En este libro se reproducen 61 fotograf\u00edas de naturaleza de A. Steiner. \r\n\r\n<div><span style=\"float: left;color: #a4a4a4\"><small><i>- Anuncio publicitario -<\/i><\/small><\/span><\/div>\r\n\u00a0\r\n<a href=\"https:\/\/amzn.to\/3Oz6Cnx\" rel=\"sponsored\"><img src=\"https:\/\/m.media-amazon.com\/images\/I\/41QMs2ppZgL._SX300_BO1,204,203,200_.jpg\" alt=\"Libro las cuatro estaciones de Gottardo Segantini y Albert Steiner.\" style=\"width: 300px;height: auto\" \/>\r\n<div style=\"margin-top: -1em\"><strong>Die vier Jahreszeiten von  Gottardo Segantini und Albert Steiner<\/strong><\/div><\/a>\r\n\r\n<p><a href=\"https:\/\/amzn.to\/3Oz6Cnx\" rel=\"sponsored\" style=\"text-decoration: none;background: #D8D8D8;padding-left: 0.4em;padding-right: 0.4em;padding-top: -0.1em;padding-bottom: -0.2em;float:left\">Ver en Amazon.de<\/a> <span>\u00a0<\/span><\/p>\r\n<div>\u00a0<\/div>\r\n\r\n<div>\u00a0<\/div>\r\n<div>\r\n<div id=\"Du-grosses-stilles-Leuchten\"><\/div>\r\n<\/div>\r\n<h3>\u00abTu gran resplandor silencioso\u00bb<\/h3>\r\nEl libro <em>Du grosses stilles Leuchten<\/em> (\u00abTu gran resplandor silencioso\u00bb) es un cat\u00e1logo de la exposici\u00f3n del mismo nombre celebrada en 1992 en el B\u00fcndner Kunstmuseum de Chur. La exposici\u00f3n versaba sobre A. Steiner y la fotograf\u00eda de paisaje de los Grisones en general, y las fotograf\u00edas proced\u00edan de la Colecci\u00f3n Herzog.\r\n\r\n<div><span style=\"float: left;color: #a4a4a4\"><small><i>- Anuncio publicitario -<\/i><\/small><\/span><\/div>\r\n\u00a0\r\n<a href=\"https:\/\/amzn.to\/3YdX7yk\" rel=\"sponsored\"><img src=\"https:\/\/m.media-amazon.com\/images\/I\/41HwkAbUVgL._SX370_BO1,204,203,200_.jpg\" alt=\"El libro Tu gran resplandor silencioso de Book Albert Steiner y la fotograf\u00eda de paisaje de los Grisones, fotograf\u00edas de la Colecci\u00f3n Herzog, Basilea.\" style=\"width: 300px;height: auto\" \/>\r\n<div style=\"margin-top: -1em\"><strong>Du grosses stilles Leuchten - A. Steiner-Photographien aus der Sammlung Herzog<\/strong><\/div><\/a>\r\n\r\n<p><a href=\"https:\/\/amzn.to\/3YdX7yk\" rel=\"sponsored\" style=\"text-decoration: none;background: #D8D8D8;padding-left: 0.4em;padding-right: 0.4em;padding-top: -0.1em;padding-bottom: -0.2em;float:left\">Ver en Amazon.de<\/a> <span>\u00a0<\/span><\/p>\r\n<div>\u00a0<\/div>\r\n\r\n<div>\u00a0<\/div>\r\n<div>\r\n<div id=\"Albert-Steiner-Das-fotografische-Werk\"><\/div>\r\n<\/div>\r\n<h3>Albert Steiner: La obra fotogr\u00e1fica<\/h3>\r\nEl libro <em>Albert Steiner, Das Fotografische Werk<\/em> (\"Albert Steiner: La obra fotogr\u00e1fica\") es un cat\u00e1logo de la exposici\u00f3n en Chur 2005\/2006 y Winterthur 2007. El cat\u00e1logo en alem\u00e1n fue publicado por Bentelli-Verlag, mientras que la edici\u00f3n en ingl\u00e9s \"Albert Steiner, The Photographic Work\" fue publicada por Steidl-Verlag.\r\n\r\n<div><span style=\"float: left;color: #a4a4a4\"><small><i>- Anuncio publicitario -<\/i><\/small><\/span><\/div>\r\n\u00a0\r\n<a href=\"https:\/\/amzn.to\/46dk9rQ\" rel=\"sponsored\"><img src=\"https:\/\/m.media-amazon.com\/images\/I\/415ou3n6dNS.jpg\" alt=\"Libro Albert Steiner - La obra fotogr\u00e1fica.\" style=\"width: 300px;height: auto\" \/>\r\n<div style=\"margin-top: -1em\"><strong>Albert Steiner, Das Fotografische Werk<\/strong><\/div><\/a>\r\n\r\n<p><a href=\"https:\/\/amzn.to\/46dk9rQ\" rel=\"sponsored\" style=\"text-decoration: none;background: #D8D8D8;padding-left: 0.4em;padding-right: 0.4em;padding-top: -0.1em;padding-bottom: -0.2em;float:left\">Ver en Amazon.de<\/a> <span>\u00a0<\/span><\/p>\r\n<div>\u00a0<\/div>\r\n\r\n<div><span style=\"float: left;color: #a4a4a4\"><small><i>- Anuncio publicitario -<\/i><\/small><\/span><\/div>\r\n\u00a0\r\n<a href=\"https:\/\/amzn.to\/458pu3o\" rel=\"sponsored\"><img src=\"https:\/\/m.media-amazon.com\/images\/I\/41R4KZC7WXL._SX469_BO1,204,203,200_.jpg\" alt=\"Buch Albert Steiner Fotografische Werk.\" style=\"width: 300px;height: auto\" \/>\r\n<div style=\"margin-top: -1em\"><strong>Albert Steiner, The Photographic Work (edici\u00f3n en ingl\u00e9s)<\/strong><\/div><\/a>\r\n\r\n<p><a href=\"https:\/\/amzn.to\/458pu3o\" rel=\"sponsored\" style=\"text-decoration: none;background: #D8D8D8;padding-left: 0.4em;padding-right: 0.4em;padding-top: -0.1em;padding-bottom: -0.2em;float:left\">Ver en Amazon.de<\/a> <span>\u00a0<\/span><\/p>\r\n<div>\u00a0<\/div>\r\n\r\n<div>\u00a0<\/div>\r\n<div>\r\n<div id=\"Architekturfotografie-des-Kantonsspitals-Graub\u00fcnden\"><\/div>\r\n<\/div>\r\n<h3>Fotograf\u00eda arquitect\u00f3nica del Hospital Cantonal de los Grisones<\/h3>\r\nEl libro <em>Albert Steiner \u2013 Ralph Feiner: Architekturfotografie des Kantonsspitals Graub\u00fcnden 1941 \/ 2020<\/em> (\"Albert Steiner - Ralph Feiner: Fotograf\u00eda arquitect\u00f3nica del Hospital Cantonal de los Grisones 1941 \/ 2020\") muestra las fotograf\u00edas arquitect\u00f3nicas que A. Steiner tom\u00f3 del Hospital Cantonal de los Grisones en 1941 y las que Ralph Feiner tom\u00f3 del nuevo edificio del hospital en 2020.\r\n\r\n<div><span style=\"float: left;color: #a4a4a4\"><small><i>- Anuncio publicitario -<\/i><\/small><\/span><\/div>\r\n\u00a0\r\n<a href=\"https:\/\/amzn.to\/43P1YHx\" rel=\"sponsored\"><img src=\"https:\/\/m.media-amazon.com\/images\/I\/41N6Mf1sfSL._SX394_BO1,204,203,200_.jpg\" alt=\"Albert Steiner - Ralph Feiner: Fotograf\u00eda arquitect\u00f3nica del Hospital Cantonal de los Grisones - Comparaci\u00f3n 1941 y 2020.\" style=\"width: 300px;height: auto\" \/>\r\n<div style=\"margin-top: -1em\"><strong>Albert Steiner \u2013 Ralph Feiner: Architekturfotografie des Kantonsspitals Graub\u00fcnden 1941 \/ 2020<\/strong><\/div><\/a>\r\n\r\n<p><a href=\"https:\/\/amzn.to\/43P1YHx\" rel=\"sponsored\" style=\"text-decoration: none;background: #D8D8D8;padding-left: 0.4em;padding-right: 0.4em;padding-top: -0.1em;padding-bottom: -0.2em;float:left\">Ver en Amazon.de<\/a> <span>\u00a0<\/span><\/p>\r\n<div>\u00a0<\/div>\r\n\r\n\r\n<h3>Fotos de Albert Steiner en Internet<\/h3>\r\nAdem\u00e1s, se pueden encontrar muchas fotos de Albert Steiner en las p\u00e1ginas web de colecciones y bases de datos, como las siguientes:\r\n\r\n<ul style=\"font-size: 1.1em\">\r\n<li><a href=\"https:\/\/fss.e-pics.ethz.ch\/main\/galleryview\/fc=14%3A948\">Fotostiftung Schweiz<\/a><\/li>\r\n<li><a href=\"https:\/\/www.collection.pictet\/artist\/steiner\">Collection Pictet<\/a><\/li>\r\n<li><a href=\"https:\/\/de.foto-ch.ch\/home?detail=1565&amp;type=photographer\">fotoCH<\/a><\/li>\r\n<li><a href=\"https:\/\/www.artnet.de\/k%C3%BCnstler\/Albert-Steiner\/\">artnet<\/a><\/li>\r\n<\/ul>\r\n\r\n<div>\u00a0<\/div>\r\n<div>\r\n<div id=\"Fuentes\"><\/div>\r\n<\/div>\r\n<h2>Fuentes<\/h2>\r\n\r\n[1] <a href=\"https:\/\/www.collection.pictet\/artist\/steiner\">Collection Pictet: Albert Steiner<\/a> (\u00daltima consulta: 21.9.2023)\r\n[2] <a href=\"https:\/\/www.collection.pictet\/artist\/steiner\">Collection Pictet: Albert Steiner<\/a> (\u00daltima consulta: 21.9.2023)\r\n[3] <a href=\"https:\/\/www.collection.pictet\/artist\/steiner\">Collection Pictet: Albert Steiner<\/a> (\u00daltima consulta: 21.9.2023)\r\n\r\n\r\n<div>\u00a0<\/div>\r\n<div>\r\n<div id=\"Obras_de_Albert_Steiner\"><\/div>\r\n<\/div>\r\n<h2>Obras de Albert Steiner<\/h2>\r\nA continuaci\u00f3n encontrar\u00e1 obras de Albert Steiner o impresiones de fotograf\u00edas de A. Steiner: \r\n\r\n<div>\u00a0<\/div>","link":"https:\/\/www.robertzueblin.com\/es\/albert-steiner\/","name":"Albert STEINER (* 1877, \u2020 1965)","slug":"albert-steiner","taxonomy":"product_cat","parent":0,"meta":[],"menu_order":0,"yoast_head":"<!-- This site is optimized with the Yoast SEO plugin v27.4 - https:\/\/yoast.com\/product\/yoast-seo-wordpress\/ -->\n<title>Albert STEINER (* 1877, \u2020 1965) - Fotograf\u00eda de paisajes<\/title>\n<meta name=\"description\" content=\"El fot\u00f3grafo Albert Steiner es famoso por su fotograf\u00eda de la Alta Engadina, en el cant\u00f3n de los Grisones: el fot\u00f3grafo paisajista suizo m\u00e1s importante.\" \/>\n<meta name=\"robots\" content=\"index, follow, max-snippet:-1, max-image-preview:large, max-video-preview:-1\" \/>\n<link rel=\"canonical\" href=\"https:\/\/www.robertzueblin.com\/es\/albert-steiner\/\" \/>\n<meta property=\"og:locale\" content=\"es_ES\" \/>\n<meta property=\"og:type\" content=\"article\" \/>\n<meta property=\"og:title\" content=\"Albert STEINER (* 1877, \u2020 1965) - Fotograf\u00eda de paisajes\" \/>\n<meta property=\"og:description\" content=\"El fot\u00f3grafo Albert Steiner es famoso por su fotograf\u00eda de la Alta Engadina, en el cant\u00f3n de los Grisones: el fot\u00f3grafo paisajista suizo m\u00e1s importante.\" \/>\n<meta property=\"og:url\" content=\"https:\/\/www.robertzueblin.com\/es\/albert-steiner\/\" \/>\n<meta property=\"og:site_name\" content=\"ROBERT Z\u00dcBLIN\" \/>\n<meta property=\"og:image\" content=\"https:\/\/www.robertzueblin.com\/wp-content\/uploads\/albert-steiner-fotografo-1.jpg\" \/>\n<meta name=\"twitter:card\" content=\"summary_large_image\" \/>\n<script type=\"application\/ld+json\" class=\"yoast-schema-graph\">{\"@context\":\"https:\\\/\\\/schema.org\",\"@graph\":[{\"@type\":\"CollectionPage\",\"@id\":\"https:\\\/\\\/www.robertzueblin.com\\\/es\\\/albert-steiner\\\/\",\"url\":\"https:\\\/\\\/www.robertzueblin.com\\\/es\\\/albert-steiner\\\/\",\"name\":\"Albert STEINER (* 1877, \u2020 1965) - Fotograf\u00eda de paisajes\",\"isPartOf\":{\"@id\":\"https:\\\/\\\/www.robertzueblin.com\\\/es\\\/#website\"},\"description\":\"El fot\u00f3grafo Albert Steiner es famoso por su fotograf\u00eda de la Alta Engadina, en el cant\u00f3n de los Grisones: el fot\u00f3grafo paisajista suizo m\u00e1s importante.\",\"breadcrumb\":{\"@id\":\"https:\\\/\\\/www.robertzueblin.com\\\/es\\\/albert-steiner\\\/#breadcrumb\"},\"inLanguage\":\"es\"},{\"@type\":\"BreadcrumbList\",\"@id\":\"https:\\\/\\\/www.robertzueblin.com\\\/es\\\/albert-steiner\\\/#breadcrumb\",\"itemListElement\":[{\"@type\":\"ListItem\",\"position\":1,\"name\":\"Startseite\",\"item\":\"https:\\\/\\\/www.robertzueblin.com\\\/es\\\/\"},{\"@type\":\"ListItem\",\"position\":2,\"name\":\"Albert STEINER (* 1877, \u2020 1965)\"}]},{\"@type\":\"WebSite\",\"@id\":\"https:\\\/\\\/www.robertzueblin.com\\\/es\\\/#website\",\"url\":\"https:\\\/\\\/www.robertzueblin.com\\\/es\\\/\",\"name\":\"ROBERT Z\u00dcBLIN\",\"description\":\"\",\"publisher\":{\"@id\":\"https:\\\/\\\/www.robertzueblin.com\\\/es\\\/#organization\"},\"potentialAction\":[{\"@type\":\"SearchAction\",\"target\":{\"@type\":\"EntryPoint\",\"urlTemplate\":\"https:\\\/\\\/www.robertzueblin.com\\\/es\\\/?s={search_term_string}\"},\"query-input\":{\"@type\":\"PropertyValueSpecification\",\"valueRequired\":true,\"valueName\":\"search_term_string\"}}],\"inLanguage\":\"es\"},{\"@type\":\"Organization\",\"@id\":\"https:\\\/\\\/www.robertzueblin.com\\\/es\\\/#organization\",\"name\":\"ROBERT Z\u00dcBLIN\",\"url\":\"https:\\\/\\\/www.robertzueblin.com\\\/es\\\/\",\"logo\":{\"@type\":\"ImageObject\",\"inLanguage\":\"es\",\"@id\":\"https:\\\/\\\/www.robertzueblin.com\\\/es\\\/#\\\/schema\\\/logo\\\/image\\\/\",\"url\":\"https:\\\/\\\/www.robertzueblin.com\\\/wp-content\\\/uploads\\\/cropped-cropped-logo-von-robert-zueblin.jpg\",\"contentUrl\":\"https:\\\/\\\/www.robertzueblin.com\\\/wp-content\\\/uploads\\\/cropped-cropped-logo-von-robert-zueblin.jpg\",\"width\":440,\"height\":60,\"caption\":\"ROBERT Z\u00dcBLIN\"},\"image\":{\"@id\":\"https:\\\/\\\/www.robertzueblin.com\\\/es\\\/#\\\/schema\\\/logo\\\/image\\\/\"}}]}<\/script>\n<!-- \/ Yoast SEO plugin. -->","yoast_head_json":{"title":"Albert STEINER (* 1877, \u2020 1965) - Fotograf\u00eda de paisajes","description":"El fot\u00f3grafo Albert Steiner es famoso por su fotograf\u00eda de la Alta Engadina, en el cant\u00f3n de los Grisones: el fot\u00f3grafo paisajista suizo m\u00e1s importante.","robots":{"index":"index","follow":"follow","max-snippet":"max-snippet:-1","max-image-preview":"max-image-preview:large","max-video-preview":"max-video-preview:-1"},"canonical":"https:\/\/www.robertzueblin.com\/es\/albert-steiner\/","og_locale":"es_ES","og_type":"article","og_title":"Albert STEINER (* 1877, \u2020 1965) - Fotograf\u00eda de paisajes","og_description":"El fot\u00f3grafo Albert Steiner es famoso por su fotograf\u00eda de la Alta Engadina, en el cant\u00f3n de los Grisones: el fot\u00f3grafo paisajista suizo m\u00e1s importante.","og_url":"https:\/\/www.robertzueblin.com\/es\/albert-steiner\/","og_site_name":"ROBERT Z\u00dcBLIN","og_image":[{"url":"https:\/\/www.robertzueblin.com\/wp-content\/uploads\/albert-steiner-fotografo-1.jpg","type":"","width":"","height":""}],"twitter_card":"summary_large_image","schema":{"@context":"https:\/\/schema.org","@graph":[{"@type":"CollectionPage","@id":"https:\/\/www.robertzueblin.com\/es\/albert-steiner\/","url":"https:\/\/www.robertzueblin.com\/es\/albert-steiner\/","name":"Albert STEINER (* 1877, \u2020 1965) - Fotograf\u00eda de paisajes","isPartOf":{"@id":"https:\/\/www.robertzueblin.com\/es\/#website"},"description":"El fot\u00f3grafo Albert Steiner es famoso por su fotograf\u00eda de la Alta Engadina, en el cant\u00f3n de los Grisones: el fot\u00f3grafo paisajista suizo m\u00e1s importante.","breadcrumb":{"@id":"https:\/\/www.robertzueblin.com\/es\/albert-steiner\/#breadcrumb"},"inLanguage":"es"},{"@type":"BreadcrumbList","@id":"https:\/\/www.robertzueblin.com\/es\/albert-steiner\/#breadcrumb","itemListElement":[{"@type":"ListItem","position":1,"name":"Startseite","item":"https:\/\/www.robertzueblin.com\/es\/"},{"@type":"ListItem","position":2,"name":"Albert STEINER (* 1877, \u2020 1965)"}]},{"@type":"WebSite","@id":"https:\/\/www.robertzueblin.com\/es\/#website","url":"https:\/\/www.robertzueblin.com\/es\/","name":"ROBERT Z\u00dcBLIN","description":"","publisher":{"@id":"https:\/\/www.robertzueblin.com\/es\/#organization"},"potentialAction":[{"@type":"SearchAction","target":{"@type":"EntryPoint","urlTemplate":"https:\/\/www.robertzueblin.com\/es\/?s={search_term_string}"},"query-input":{"@type":"PropertyValueSpecification","valueRequired":true,"valueName":"search_term_string"}}],"inLanguage":"es"},{"@type":"Organization","@id":"https:\/\/www.robertzueblin.com\/es\/#organization","name":"ROBERT Z\u00dcBLIN","url":"https:\/\/www.robertzueblin.com\/es\/","logo":{"@type":"ImageObject","inLanguage":"es","@id":"https:\/\/www.robertzueblin.com\/es\/#\/schema\/logo\/image\/","url":"https:\/\/www.robertzueblin.com\/wp-content\/uploads\/cropped-cropped-logo-von-robert-zueblin.jpg","contentUrl":"https:\/\/www.robertzueblin.com\/wp-content\/uploads\/cropped-cropped-logo-von-robert-zueblin.jpg","width":440,"height":60,"caption":"ROBERT Z\u00dcBLIN"},"image":{"@id":"https:\/\/www.robertzueblin.com\/es\/#\/schema\/logo\/image\/"}}]}},"_links":{"self":[{"href":"https:\/\/www.robertzueblin.com\/es\/wp-json\/wp\/v2\/product_cat\/494","targetHints":{"allow":["GET"]}}],"collection":[{"href":"https:\/\/www.robertzueblin.com\/es\/wp-json\/wp\/v2\/product_cat"}],"about":[{"href":"https:\/\/www.robertzueblin.com\/es\/wp-json\/wp\/v2\/taxonomies\/product_cat"}],"wp:post_type":[{"href":"https:\/\/www.robertzueblin.com\/es\/wp-json\/wp\/v2\/product?product_cat=494"}],"curies":[{"name":"wp","href":"https:\/\/api.w.org\/{rel}","templated":true}]}}