{"id":268,"count":1,"description":"<table>\r\n<tbody>\r\n<tr>\r\n<td style=\"padding-left: 0em!important\">\r\n<p><span style=\"font-family: AkkoPro-BoldCondensed!important\">1885<\/span> <br> nace en Lille, Francia<\/p>\r\n\r\n<p><span style=\"font-family: AkkoPro-BoldCondensed!important\">1905<\/span> <br> en un formulario administrativo se le cita como \"pintor en loza<\/p>\r\n\r\n<p><span style=\"font-family: AkkoPro-BoldCondensed!important\">1906<\/span> <br> al inscribir el nacimiento de su hija, se le cita como \"decorador en loza\"<\/p>\r\n\r\n<p><span style=\"font-family: AkkoPro-BoldCondensed!important\">1920<\/span> <br> funda una f\u00e1brica de loza junto con Louis Fontinelle (1886-1964) en Antony, cerca de Par\u00eds<\/p>\r\n\r\n<p><span style=\"font-family: AkkoPro-BoldCondensed!important\">1922<\/span> <br> Louis Fontinelle y Louis Dage dejan de trabajar juntos<\/p>\r\n<\/td>\r\n<td style=\"padding-left: 0.3em!important\">\r\n<p><span style=\"font-family: AkkoPro-BoldCondensed!important\">1930<\/span> <br> apertura de una f\u00e1brica de cer\u00e1mica con 5 hornos (1 m\u00b3 cada uno); su hija y su hermano tambi\u00e9n trabajan all\u00ed<\/p>\r\n\r\n<p><span style=\"font-family: AkkoPro-BoldCondensed!important\">desde 1933<\/span> <br> director general de la f\u00e1brica de cer\u00e1mica<\/p>\r\n\r\n<p><span style=\"font-family: AkkoPro-BoldCondensed!important\">1935<\/span> <br> se hace cargo de la Fa\u00efencerie de l'Adour<\/p>\r\n\r\n<p><span style=\"font-family: AkkoPro-BoldCondensed!important\">1961<\/span> <br> sigue trabajando en la cer\u00e1mica<\/p>\r\n- fallece en Saint-Sever, Francia\r\n\r\n<\/td>\r\n<\/tr>\r\n<\/tbody>\r\n<\/table>\r\n\r\n<em>Quelle: <\/em>\r\nMandraut, Claude: \u00abLouis Dage (1885-1961). La diagonale du c\u00e9ramiste du nord-est au sud-ouest\u00bb, in: Sevres. Revue de la Soci\u00e9t\u00e9 des Amis du mus\u00e9e national de C\u00e9ramique, Nummer 23, 2014, pp. 131-142. (https:\/\/www.persee.fr\/doc\/sevre_1169-2537_2014_num_23_1_1064)\r\n\r\n<p>\u00a0<\/p>\r\n\r\n","link":"https:\/\/www.robertzueblin.com\/es\/louis-dage\/","name":"Louis DAGE (* 1885, \u2020 1961)","slug":"louis-dage","taxonomy":"product_cat","parent":0,"meta":[],"menu_order":0,"yoast_head":"<!-- This site is optimized with the Yoast SEO plugin v27.4 - https:\/\/yoast.com\/product\/yoast-seo-wordpress\/ -->\n<title>Louis DAGE (* 1885, \u2020 1961)<\/title>\n<meta name=\"robots\" content=\"index, follow, max-snippet:-1, max-image-preview:large, max-video-preview:-1\" \/>\n<link rel=\"canonical\" href=\"https:\/\/www.robertzueblin.com\/es\/louis-dage\/\" \/>\n<meta property=\"og:locale\" content=\"es_ES\" \/>\n<meta property=\"og:type\" content=\"article\" \/>\n<meta property=\"og:title\" content=\"Louis DAGE (* 1885, \u2020 1961)\" \/>\n<meta property=\"og:description\" content=\"1885 nace en Lille, Francia 1905 en un formulario administrativo se le cita como \u00abpintor en loza 1906 al inscribir el nacimiento de su hija, se le cita como \u00abdecorador en loza\u00bb 1920 funda una f\u00e1brica de loza junto con Louis Fontinelle (1886-1964) en Antony, cerca de Par\u00eds 1922 Louis Fontinelle y Louis Dage dejan de trabajar juntos  1930 apertura de una f\u00e1brica de cer\u00e1mica con 5 hornos (1 m\u00b3 cada uno); su hija y su hermano tambi\u00e9n trabajan all\u00ed desde 1933 director general de la f\u00e1brica de cer\u00e1mica 1935 se hace cargo de la Fa\u00efencerie de l&#8217;Adour 1961 sigue trabajando en la cer\u00e1mica &#8211; fallece en Saint-Sever, Francia   Quelle: Mandraut, Claude: \u00abLouis Dage (1885-1961). La diagonale du c\u00e9ramiste du nord-est au sud-ouest\u00bb, in: Sevres. Revue de la Soci\u00e9t\u00e9 des Amis du mus\u00e9e national de C\u00e9ramique, Nummer 23, 2014, pp. 131-142. (https:\/\/www.persee.fr\/doc\/sevre_1169-2537_2014_num_23_1_1064) \u00a0\" \/>\n<meta property=\"og:url\" content=\"https:\/\/www.robertzueblin.com\/es\/louis-dage\/\" \/>\n<meta property=\"og:site_name\" content=\"ROBERT Z\u00dcBLIN\" \/>\n<meta name=\"twitter:card\" content=\"summary_large_image\" \/>\n<script type=\"application\/ld+json\" class=\"yoast-schema-graph\">{\"@context\":\"https:\\\/\\\/schema.org\",\"@graph\":[{\"@type\":\"CollectionPage\",\"@id\":\"https:\\\/\\\/www.robertzueblin.com\\\/es\\\/louis-dage\\\/\",\"url\":\"https:\\\/\\\/www.robertzueblin.com\\\/es\\\/louis-dage\\\/\",\"name\":\"Louis DAGE (* 1885, \u2020 1961)\",\"isPartOf\":{\"@id\":\"https:\\\/\\\/www.robertzueblin.com\\\/es\\\/#website\"},\"breadcrumb\":{\"@id\":\"https:\\\/\\\/www.robertzueblin.com\\\/es\\\/louis-dage\\\/#breadcrumb\"},\"inLanguage\":\"es\"},{\"@type\":\"BreadcrumbList\",\"@id\":\"https:\\\/\\\/www.robertzueblin.com\\\/es\\\/louis-dage\\\/#breadcrumb\",\"itemListElement\":[{\"@type\":\"ListItem\",\"position\":1,\"name\":\"Startseite\",\"item\":\"https:\\\/\\\/www.robertzueblin.com\\\/es\\\/\"},{\"@type\":\"ListItem\",\"position\":2,\"name\":\"Louis DAGE (* 1885, \u2020 1961)\"}]},{\"@type\":\"WebSite\",\"@id\":\"https:\\\/\\\/www.robertzueblin.com\\\/es\\\/#website\",\"url\":\"https:\\\/\\\/www.robertzueblin.com\\\/es\\\/\",\"name\":\"ROBERT Z\u00dcBLIN\",\"description\":\"\",\"publisher\":{\"@id\":\"https:\\\/\\\/www.robertzueblin.com\\\/es\\\/#organization\"},\"potentialAction\":[{\"@type\":\"SearchAction\",\"target\":{\"@type\":\"EntryPoint\",\"urlTemplate\":\"https:\\\/\\\/www.robertzueblin.com\\\/es\\\/?s={search_term_string}\"},\"query-input\":{\"@type\":\"PropertyValueSpecification\",\"valueRequired\":true,\"valueName\":\"search_term_string\"}}],\"inLanguage\":\"es\"},{\"@type\":\"Organization\",\"@id\":\"https:\\\/\\\/www.robertzueblin.com\\\/es\\\/#organization\",\"name\":\"ROBERT Z\u00dcBLIN\",\"url\":\"https:\\\/\\\/www.robertzueblin.com\\\/es\\\/\",\"logo\":{\"@type\":\"ImageObject\",\"inLanguage\":\"es\",\"@id\":\"https:\\\/\\\/www.robertzueblin.com\\\/es\\\/#\\\/schema\\\/logo\\\/image\\\/\",\"url\":\"https:\\\/\\\/www.robertzueblin.com\\\/wp-content\\\/uploads\\\/cropped-cropped-logo-von-robert-zueblin.jpg\",\"contentUrl\":\"https:\\\/\\\/www.robertzueblin.com\\\/wp-content\\\/uploads\\\/cropped-cropped-logo-von-robert-zueblin.jpg\",\"width\":440,\"height\":60,\"caption\":\"ROBERT Z\u00dcBLIN\"},\"image\":{\"@id\":\"https:\\\/\\\/www.robertzueblin.com\\\/es\\\/#\\\/schema\\\/logo\\\/image\\\/\"}}]}<\/script>\n<!-- \/ Yoast SEO plugin. -->","yoast_head_json":{"title":"Louis DAGE (* 1885, \u2020 1961)","robots":{"index":"index","follow":"follow","max-snippet":"max-snippet:-1","max-image-preview":"max-image-preview:large","max-video-preview":"max-video-preview:-1"},"canonical":"https:\/\/www.robertzueblin.com\/es\/louis-dage\/","og_locale":"es_ES","og_type":"article","og_title":"Louis DAGE (* 1885, \u2020 1961)","og_description":"1885 nace en Lille, Francia 1905 en un formulario administrativo se le cita como \u00abpintor en loza 1906 al inscribir el nacimiento de su hija, se le cita como \u00abdecorador en loza\u00bb 1920 funda una f\u00e1brica de loza junto con Louis Fontinelle (1886-1964) en Antony, cerca de Par\u00eds 1922 Louis Fontinelle y Louis Dage dejan de trabajar juntos  1930 apertura de una f\u00e1brica de cer\u00e1mica con 5 hornos (1 m\u00b3 cada uno); su hija y su hermano tambi\u00e9n trabajan all\u00ed desde 1933 director general de la f\u00e1brica de cer\u00e1mica 1935 se hace cargo de la Fa\u00efencerie de l&#8217;Adour 1961 sigue trabajando en la cer\u00e1mica &#8211; fallece en Saint-Sever, Francia   Quelle: Mandraut, Claude: \u00abLouis Dage (1885-1961). La diagonale du c\u00e9ramiste du nord-est au sud-ouest\u00bb, in: Sevres. Revue de la Soci\u00e9t\u00e9 des Amis du mus\u00e9e national de C\u00e9ramique, Nummer 23, 2014, pp. 131-142. (https:\/\/www.persee.fr\/doc\/sevre_1169-2537_2014_num_23_1_1064) \u00a0","og_url":"https:\/\/www.robertzueblin.com\/es\/louis-dage\/","og_site_name":"ROBERT Z\u00dcBLIN","twitter_card":"summary_large_image","schema":{"@context":"https:\/\/schema.org","@graph":[{"@type":"CollectionPage","@id":"https:\/\/www.robertzueblin.com\/es\/louis-dage\/","url":"https:\/\/www.robertzueblin.com\/es\/louis-dage\/","name":"Louis DAGE (* 1885, \u2020 1961)","isPartOf":{"@id":"https:\/\/www.robertzueblin.com\/es\/#website"},"breadcrumb":{"@id":"https:\/\/www.robertzueblin.com\/es\/louis-dage\/#breadcrumb"},"inLanguage":"es"},{"@type":"BreadcrumbList","@id":"https:\/\/www.robertzueblin.com\/es\/louis-dage\/#breadcrumb","itemListElement":[{"@type":"ListItem","position":1,"name":"Startseite","item":"https:\/\/www.robertzueblin.com\/es\/"},{"@type":"ListItem","position":2,"name":"Louis DAGE (* 1885, \u2020 1961)"}]},{"@type":"WebSite","@id":"https:\/\/www.robertzueblin.com\/es\/#website","url":"https:\/\/www.robertzueblin.com\/es\/","name":"ROBERT Z\u00dcBLIN","description":"","publisher":{"@id":"https:\/\/www.robertzueblin.com\/es\/#organization"},"potentialAction":[{"@type":"SearchAction","target":{"@type":"EntryPoint","urlTemplate":"https:\/\/www.robertzueblin.com\/es\/?s={search_term_string}"},"query-input":{"@type":"PropertyValueSpecification","valueRequired":true,"valueName":"search_term_string"}}],"inLanguage":"es"},{"@type":"Organization","@id":"https:\/\/www.robertzueblin.com\/es\/#organization","name":"ROBERT Z\u00dcBLIN","url":"https:\/\/www.robertzueblin.com\/es\/","logo":{"@type":"ImageObject","inLanguage":"es","@id":"https:\/\/www.robertzueblin.com\/es\/#\/schema\/logo\/image\/","url":"https:\/\/www.robertzueblin.com\/wp-content\/uploads\/cropped-cropped-logo-von-robert-zueblin.jpg","contentUrl":"https:\/\/www.robertzueblin.com\/wp-content\/uploads\/cropped-cropped-logo-von-robert-zueblin.jpg","width":440,"height":60,"caption":"ROBERT Z\u00dcBLIN"},"image":{"@id":"https:\/\/www.robertzueblin.com\/es\/#\/schema\/logo\/image\/"}}]}},"_links":{"self":[{"href":"https:\/\/www.robertzueblin.com\/es\/wp-json\/wp\/v2\/product_cat\/268","targetHints":{"allow":["GET"]}}],"collection":[{"href":"https:\/\/www.robertzueblin.com\/es\/wp-json\/wp\/v2\/product_cat"}],"about":[{"href":"https:\/\/www.robertzueblin.com\/es\/wp-json\/wp\/v2\/taxonomies\/product_cat"}],"wp:post_type":[{"href":"https:\/\/www.robertzueblin.com\/es\/wp-json\/wp\/v2\/product?product_cat=268"}],"curies":[{"name":"wp","href":"https:\/\/api.w.org\/{rel}","templated":true}]}}