{"id":188,"count":2,"description":"<table cellpadding=\"1\">\r\n\t<tbody>\r\n\t\t<tr>\r\n\t\t\t<td style=\"padding-left: 0em!important\">\r\n\t\t\t\r\n\t\t\t<p><span style=\"font-family: AkkoPro-BoldCondensed!important\">1843<\/span> <br> nace en Condat, Francia<\/p>\r\n\r\n\t\t\t<p><span style=\"font-family: AkkoPro-BoldCondensed!important\">1895<\/span> <br>se instala en Saint-Amand-en-Puisaye<\/p>\r\n                        <\/td>\r\n\t\t\t<td style=\"padding-left: 0.3em!important\">\r\n                        <p><span style=\"font-family: AkkoPro-BoldCondensed!important\">1925<\/span> <br>muere en Saint-Amand-en-Puisaye, Francia<\/p>\r\n\t\t\t<\/td>\r\n\t\t\t<td> <\/td>\r\n\t\t<\/tr>\r\n\t<\/tbody>\r\n<\/table>\r\n\r\n<em>Fuente:<\/em>\r\n- Beeh, Wolfgang, Europ\u00e4ische Keramik, 1880-1930, Sammlung Silzer, Darmstadt 1986, p. 151.\r\n<div>\u00a0<\/div>","link":"https:\/\/www.robertzueblin.com\/es\/jean-pointu\/","name":"Jean POINTU (* 1843, \u2020 1925)","slug":"jean-pointu","taxonomy":"product_cat","parent":0,"meta":[],"menu_order":0,"yoast_head":"<!-- This site is optimized with the Yoast SEO plugin v27.5 - https:\/\/yoast.com\/product\/yoast-seo-wordpress\/ -->\n<title>Jean POINTU (* 1843, \u2020 1925)<\/title>\n<meta name=\"description\" content=\"El ceramista Jean Pointu tambi\u00e9n pertenece a la \u00c9cole de Carri\u00e8s y es uno de los ceramistas m\u00e1s importantes de Francia en esta \u00e9poca.\" \/>\n<meta name=\"robots\" content=\"index, follow, max-snippet:-1, max-image-preview:large, max-video-preview:-1\" \/>\n<link rel=\"canonical\" href=\"https:\/\/www.robertzueblin.com\/es\/jean-pointu\/\" \/>\n<meta property=\"og:locale\" content=\"es_ES\" \/>\n<meta property=\"og:type\" content=\"article\" \/>\n<meta property=\"og:title\" content=\"Jean POINTU (* 1843, \u2020 1925)\" \/>\n<meta property=\"og:description\" content=\"El ceramista Jean Pointu tambi\u00e9n pertenece a la \u00c9cole de Carri\u00e8s y es uno de los ceramistas m\u00e1s importantes de Francia en esta \u00e9poca.\" \/>\n<meta property=\"og:url\" content=\"https:\/\/www.robertzueblin.com\/es\/jean-pointu\/\" \/>\n<meta property=\"og:site_name\" content=\"ROBERT Z\u00dcBLIN\" \/>\n<meta name=\"twitter:card\" content=\"summary_large_image\" \/>\n<script type=\"application\/ld+json\" class=\"yoast-schema-graph\">{\"@context\":\"https:\\\/\\\/schema.org\",\"@graph\":[{\"@type\":\"CollectionPage\",\"@id\":\"https:\\\/\\\/www.robertzueblin.com\\\/es\\\/jean-pointu\\\/\",\"url\":\"https:\\\/\\\/www.robertzueblin.com\\\/es\\\/jean-pointu\\\/\",\"name\":\"Jean POINTU (* 1843, \u2020 1925)\",\"isPartOf\":{\"@id\":\"https:\\\/\\\/www.robertzueblin.com\\\/es\\\/#website\"},\"description\":\"El ceramista Jean Pointu tambi\u00e9n pertenece a la \u00c9cole de Carri\u00e8s y es uno de los ceramistas m\u00e1s importantes de Francia en esta \u00e9poca.\",\"breadcrumb\":{\"@id\":\"https:\\\/\\\/www.robertzueblin.com\\\/es\\\/jean-pointu\\\/#breadcrumb\"},\"inLanguage\":\"es\"},{\"@type\":\"BreadcrumbList\",\"@id\":\"https:\\\/\\\/www.robertzueblin.com\\\/es\\\/jean-pointu\\\/#breadcrumb\",\"itemListElement\":[{\"@type\":\"ListItem\",\"position\":1,\"name\":\"Startseite\",\"item\":\"https:\\\/\\\/www.robertzueblin.com\\\/es\\\/\"},{\"@type\":\"ListItem\",\"position\":2,\"name\":\"Jean POINTU (* 1843, \u2020 1925)\"}]},{\"@type\":\"WebSite\",\"@id\":\"https:\\\/\\\/www.robertzueblin.com\\\/es\\\/#website\",\"url\":\"https:\\\/\\\/www.robertzueblin.com\\\/es\\\/\",\"name\":\"ROBERT Z\u00dcBLIN\",\"description\":\"\",\"publisher\":{\"@id\":\"https:\\\/\\\/www.robertzueblin.com\\\/es\\\/#organization\"},\"potentialAction\":[{\"@type\":\"SearchAction\",\"target\":{\"@type\":\"EntryPoint\",\"urlTemplate\":\"https:\\\/\\\/www.robertzueblin.com\\\/es\\\/?s={search_term_string}\"},\"query-input\":{\"@type\":\"PropertyValueSpecification\",\"valueRequired\":true,\"valueName\":\"search_term_string\"}}],\"inLanguage\":\"es\"},{\"@type\":\"Organization\",\"@id\":\"https:\\\/\\\/www.robertzueblin.com\\\/es\\\/#organization\",\"name\":\"ROBERT Z\u00dcBLIN\",\"url\":\"https:\\\/\\\/www.robertzueblin.com\\\/es\\\/\",\"logo\":{\"@type\":\"ImageObject\",\"inLanguage\":\"es\",\"@id\":\"https:\\\/\\\/www.robertzueblin.com\\\/es\\\/#\\\/schema\\\/logo\\\/image\\\/\",\"url\":\"https:\\\/\\\/www.robertzueblin.com\\\/wp-content\\\/uploads\\\/cropped-cropped-logo-von-robert-zueblin.jpg\",\"contentUrl\":\"https:\\\/\\\/www.robertzueblin.com\\\/wp-content\\\/uploads\\\/cropped-cropped-logo-von-robert-zueblin.jpg\",\"width\":440,\"height\":60,\"caption\":\"ROBERT Z\u00dcBLIN\"},\"image\":{\"@id\":\"https:\\\/\\\/www.robertzueblin.com\\\/es\\\/#\\\/schema\\\/logo\\\/image\\\/\"}}]}<\/script>\n<!-- \/ Yoast SEO plugin. -->","yoast_head_json":{"title":"Jean POINTU (* 1843, \u2020 1925)","description":"El ceramista Jean Pointu tambi\u00e9n pertenece a la \u00c9cole de Carri\u00e8s y es uno de los ceramistas m\u00e1s importantes de Francia en esta \u00e9poca.","robots":{"index":"index","follow":"follow","max-snippet":"max-snippet:-1","max-image-preview":"max-image-preview:large","max-video-preview":"max-video-preview:-1"},"canonical":"https:\/\/www.robertzueblin.com\/es\/jean-pointu\/","og_locale":"es_ES","og_type":"article","og_title":"Jean POINTU (* 1843, \u2020 1925)","og_description":"El ceramista Jean Pointu tambi\u00e9n pertenece a la \u00c9cole de Carri\u00e8s y es uno de los ceramistas m\u00e1s importantes de Francia en esta \u00e9poca.","og_url":"https:\/\/www.robertzueblin.com\/es\/jean-pointu\/","og_site_name":"ROBERT Z\u00dcBLIN","twitter_card":"summary_large_image","schema":{"@context":"https:\/\/schema.org","@graph":[{"@type":"CollectionPage","@id":"https:\/\/www.robertzueblin.com\/es\/jean-pointu\/","url":"https:\/\/www.robertzueblin.com\/es\/jean-pointu\/","name":"Jean POINTU (* 1843, \u2020 1925)","isPartOf":{"@id":"https:\/\/www.robertzueblin.com\/es\/#website"},"description":"El ceramista Jean Pointu tambi\u00e9n pertenece a la \u00c9cole de Carri\u00e8s y es uno de los ceramistas m\u00e1s importantes de Francia en esta \u00e9poca.","breadcrumb":{"@id":"https:\/\/www.robertzueblin.com\/es\/jean-pointu\/#breadcrumb"},"inLanguage":"es"},{"@type":"BreadcrumbList","@id":"https:\/\/www.robertzueblin.com\/es\/jean-pointu\/#breadcrumb","itemListElement":[{"@type":"ListItem","position":1,"name":"Startseite","item":"https:\/\/www.robertzueblin.com\/es\/"},{"@type":"ListItem","position":2,"name":"Jean POINTU (* 1843, \u2020 1925)"}]},{"@type":"WebSite","@id":"https:\/\/www.robertzueblin.com\/es\/#website","url":"https:\/\/www.robertzueblin.com\/es\/","name":"ROBERT Z\u00dcBLIN","description":"","publisher":{"@id":"https:\/\/www.robertzueblin.com\/es\/#organization"},"potentialAction":[{"@type":"SearchAction","target":{"@type":"EntryPoint","urlTemplate":"https:\/\/www.robertzueblin.com\/es\/?s={search_term_string}"},"query-input":{"@type":"PropertyValueSpecification","valueRequired":true,"valueName":"search_term_string"}}],"inLanguage":"es"},{"@type":"Organization","@id":"https:\/\/www.robertzueblin.com\/es\/#organization","name":"ROBERT Z\u00dcBLIN","url":"https:\/\/www.robertzueblin.com\/es\/","logo":{"@type":"ImageObject","inLanguage":"es","@id":"https:\/\/www.robertzueblin.com\/es\/#\/schema\/logo\/image\/","url":"https:\/\/www.robertzueblin.com\/wp-content\/uploads\/cropped-cropped-logo-von-robert-zueblin.jpg","contentUrl":"https:\/\/www.robertzueblin.com\/wp-content\/uploads\/cropped-cropped-logo-von-robert-zueblin.jpg","width":440,"height":60,"caption":"ROBERT Z\u00dcBLIN"},"image":{"@id":"https:\/\/www.robertzueblin.com\/es\/#\/schema\/logo\/image\/"}}]}},"_links":{"self":[{"href":"https:\/\/www.robertzueblin.com\/es\/wp-json\/wp\/v2\/product_cat\/188","targetHints":{"allow":["GET"]}}],"collection":[{"href":"https:\/\/www.robertzueblin.com\/es\/wp-json\/wp\/v2\/product_cat"}],"about":[{"href":"https:\/\/www.robertzueblin.com\/es\/wp-json\/wp\/v2\/taxonomies\/product_cat"}],"wp:post_type":[{"href":"https:\/\/www.robertzueblin.com\/es\/wp-json\/wp\/v2\/product?product_cat=188"}],"curies":[{"name":"wp","href":"https:\/\/api.w.org\/{rel}","templated":true}]}}