{"id":187,"count":2,"description":"<table cellpadding=\"1\">\r\n\t<tbody>\r\n\t\t<tr>\r\n\t\t\t<td style=\"padding-left: 0em!important\">\r\n\t\t\t<p><span style=\"font-family: AkkoPro-BoldCondensed!important\">1899<\/span> <br> nace en Vejle\/ Jutlandia, Dinamarca<\/p>\r\n\r\n\t\t\t<p><span style=\"font-family: AkkoPro-BoldCondensed!important\">1919<\/span> <br>estancias en Worpswede con Heinrich Vogeler, adem\u00e1s de con otros<\/p>\r\n\r\n\t\t\t<p><span style=\"font-family: AkkoPro-BoldCondensed!important\">1919-1920<\/span> <br> giras con Olga Breling (bailarina expresionista)<\/p>\r\n\r\n\t\t\t<p><span style=\"font-family: AkkoPro-BoldCondensed!important\">1921-1922<\/span> <br> aprende alfarer\u00eda con Valentin Frank<\/p>\r\n\r\n\t\t\t<p><span style=\"font-family: AkkoPro-BoldCondensed!important\">1922<\/span> <br> funda un taller de cer\u00e1mica en Fischerhude (junto con su cu\u00f1ada Amelie Breling): Fischerhude Art Pottery<\/p>\r\n\r\n\t\t\t<p><span style=\"font-family: AkkoPro-BoldCondensed!important\">1923<\/span> <br> estudios en el Seger-Institut, Berl\u00edn<\/p>\r\n\r\n\t\t\t<p><span style=\"font-family: AkkoPro-BoldCondensed!important\">1931-1932<\/span> <br>viaje de estudios a S\u00e8vres y Par\u00eds<\/p>\r\n\r\n\t\t\t<p><span style=\"color:#333333\"><span style=\"font-family:arial,verdana,helvetica\"><span style=\"font-size:16px\">          <\/span><\/span><\/span><\/p>\r\n\t\t\t<\/td>\r\n\t\t\t<td style=\"padding-left: 0.3em!important\">\r\n\t\t\t<p><span style=\"font-family: AkkoPro-BoldCondensed!important\">1933-1943<\/span> <br>taller de cer\u00e1mica propio en Tegeler Weg en Berl\u00edn (Charlottenburg), destruido por las bombas en 1943<\/p>\r\n\r\n\t\t\t<p><span style=\"font-family: AkkoPro-BoldCondensed!important\">1946-1950<\/span> <br> ense\u00f1a en la Escuela Superior de Artes Libres y Aplicadas de Berl\u00edn-Wei\u00dfenseee; de 1947 a 1950 es director de la misma<\/p>\r\n\r\n\t\t\t<p><span style=\"font-family: AkkoPro-BoldCondensed!important\">1950-1953<\/span> <br> construye la producci\u00f3n en serie de cer\u00e1mica para el Dr. Alfred Ungewi\u00df en Dehme (Bad Oeynhausen)<\/p>\r\n\r\n\t\t\t<p><span style=\"font-family: AkkoPro-BoldCondensed!important\">1953-1960<\/span> <br> direcci\u00f3n de la Escuela Superior de Artes y Oficios de Berl\u00edn (Charlottenburg)<\/p>\r\n\r\n\t\t\t<p><span style=\"font-family: AkkoPro-BoldCondensed!important\">1960-1966<\/span> <br> Profesor en la Academia de Bellas Artes de Hamburgo<\/p>\r\n\r\n\t\t\t<p><span style=\"font-family: AkkoPro-BoldCondensed!important\">1969<\/span> <br> muere en Berlin, Alemania<\/p>\r\n\t\t\t<\/td>\r\n\t\t<\/tr>\r\n\t<\/tbody>\r\n<\/table>\r\n\r\n<em>Fuente: <\/em>\r\n- Reineking v. Bock, Gisela: Keramik des 20. Jahrhunderts, Deutschland, M\u00fcnchen 1979, p. 104.<\/p>\r\n<div>\u00a0<\/div>","link":"https:\/\/www.robertzueblin.com\/es\/jan-bontjes-van-beek\/","name":"Jan BONTJES VAN BEEK (* 1899, \u2020 1969)","slug":"jan-bontjes-van-beek","taxonomy":"product_cat","parent":0,"meta":[],"menu_order":0,"yoast_head":"<!-- This site is optimized with the Yoast SEO plugin v27.4 - https:\/\/yoast.com\/product\/yoast-seo-wordpress\/ -->\n<title>Jan BONTJES VAN BEEK (* 1899, \u2020 1969)<\/title>\n<meta name=\"description\" content=\"Jan Bontjes van Beek es uno de los ceramistas de estudio m\u00e1s importantes de la Alemania del siglo XX; Fischerhuder Kunstkeramik, Berl\u00edn, Dehme, Hamburgo.\" \/>\n<meta name=\"robots\" content=\"index, follow, max-snippet:-1, max-image-preview:large, max-video-preview:-1\" \/>\n<link rel=\"canonical\" href=\"https:\/\/www.robertzueblin.com\/es\/jan-bontjes-van-beek\/\" \/>\n<meta property=\"og:locale\" content=\"es_ES\" \/>\n<meta property=\"og:type\" content=\"article\" \/>\n<meta property=\"og:title\" content=\"Jan BONTJES VAN BEEK (* 1899, \u2020 1969)\" \/>\n<meta property=\"og:description\" content=\"Jan Bontjes van Beek es uno de los ceramistas de estudio m\u00e1s importantes de la Alemania del siglo XX; Fischerhuder Kunstkeramik, Berl\u00edn, Dehme, Hamburgo.\" \/>\n<meta property=\"og:url\" content=\"https:\/\/www.robertzueblin.com\/es\/jan-bontjes-van-beek\/\" \/>\n<meta property=\"og:site_name\" content=\"ROBERT Z\u00dcBLIN\" \/>\n<meta name=\"twitter:card\" content=\"summary_large_image\" \/>\n<script type=\"application\/ld+json\" class=\"yoast-schema-graph\">{\"@context\":\"https:\\\/\\\/schema.org\",\"@graph\":[{\"@type\":\"CollectionPage\",\"@id\":\"https:\\\/\\\/www.robertzueblin.com\\\/es\\\/jan-bontjes-van-beek\\\/\",\"url\":\"https:\\\/\\\/www.robertzueblin.com\\\/es\\\/jan-bontjes-van-beek\\\/\",\"name\":\"Jan BONTJES VAN BEEK (* 1899, \u2020 1969)\",\"isPartOf\":{\"@id\":\"https:\\\/\\\/www.robertzueblin.com\\\/es\\\/#website\"},\"description\":\"Jan Bontjes van Beek es uno de los ceramistas de estudio m\u00e1s importantes de la Alemania del siglo XX; Fischerhuder Kunstkeramik, Berl\u00edn, Dehme, Hamburgo.\",\"breadcrumb\":{\"@id\":\"https:\\\/\\\/www.robertzueblin.com\\\/es\\\/jan-bontjes-van-beek\\\/#breadcrumb\"},\"inLanguage\":\"es\"},{\"@type\":\"BreadcrumbList\",\"@id\":\"https:\\\/\\\/www.robertzueblin.com\\\/es\\\/jan-bontjes-van-beek\\\/#breadcrumb\",\"itemListElement\":[{\"@type\":\"ListItem\",\"position\":1,\"name\":\"Startseite\",\"item\":\"https:\\\/\\\/www.robertzueblin.com\\\/es\\\/\"},{\"@type\":\"ListItem\",\"position\":2,\"name\":\"Jan BONTJES VAN BEEK (* 1899, \u2020 1969)\"}]},{\"@type\":\"WebSite\",\"@id\":\"https:\\\/\\\/www.robertzueblin.com\\\/es\\\/#website\",\"url\":\"https:\\\/\\\/www.robertzueblin.com\\\/es\\\/\",\"name\":\"ROBERT Z\u00dcBLIN\",\"description\":\"\",\"publisher\":{\"@id\":\"https:\\\/\\\/www.robertzueblin.com\\\/es\\\/#organization\"},\"potentialAction\":[{\"@type\":\"SearchAction\",\"target\":{\"@type\":\"EntryPoint\",\"urlTemplate\":\"https:\\\/\\\/www.robertzueblin.com\\\/es\\\/?s={search_term_string}\"},\"query-input\":{\"@type\":\"PropertyValueSpecification\",\"valueRequired\":true,\"valueName\":\"search_term_string\"}}],\"inLanguage\":\"es\"},{\"@type\":\"Organization\",\"@id\":\"https:\\\/\\\/www.robertzueblin.com\\\/es\\\/#organization\",\"name\":\"ROBERT Z\u00dcBLIN\",\"url\":\"https:\\\/\\\/www.robertzueblin.com\\\/es\\\/\",\"logo\":{\"@type\":\"ImageObject\",\"inLanguage\":\"es\",\"@id\":\"https:\\\/\\\/www.robertzueblin.com\\\/es\\\/#\\\/schema\\\/logo\\\/image\\\/\",\"url\":\"https:\\\/\\\/www.robertzueblin.com\\\/wp-content\\\/uploads\\\/cropped-cropped-logo-von-robert-zueblin.jpg\",\"contentUrl\":\"https:\\\/\\\/www.robertzueblin.com\\\/wp-content\\\/uploads\\\/cropped-cropped-logo-von-robert-zueblin.jpg\",\"width\":440,\"height\":60,\"caption\":\"ROBERT Z\u00dcBLIN\"},\"image\":{\"@id\":\"https:\\\/\\\/www.robertzueblin.com\\\/es\\\/#\\\/schema\\\/logo\\\/image\\\/\"}}]}<\/script>\n<!-- \/ Yoast SEO plugin. -->","yoast_head_json":{"title":"Jan BONTJES VAN BEEK (* 1899, \u2020 1969)","description":"Jan Bontjes van Beek es uno de los ceramistas de estudio m\u00e1s importantes de la Alemania del siglo XX; Fischerhuder Kunstkeramik, Berl\u00edn, Dehme, Hamburgo.","robots":{"index":"index","follow":"follow","max-snippet":"max-snippet:-1","max-image-preview":"max-image-preview:large","max-video-preview":"max-video-preview:-1"},"canonical":"https:\/\/www.robertzueblin.com\/es\/jan-bontjes-van-beek\/","og_locale":"es_ES","og_type":"article","og_title":"Jan BONTJES VAN BEEK (* 1899, \u2020 1969)","og_description":"Jan Bontjes van Beek es uno de los ceramistas de estudio m\u00e1s importantes de la Alemania del siglo XX; Fischerhuder Kunstkeramik, Berl\u00edn, Dehme, Hamburgo.","og_url":"https:\/\/www.robertzueblin.com\/es\/jan-bontjes-van-beek\/","og_site_name":"ROBERT Z\u00dcBLIN","twitter_card":"summary_large_image","schema":{"@context":"https:\/\/schema.org","@graph":[{"@type":"CollectionPage","@id":"https:\/\/www.robertzueblin.com\/es\/jan-bontjes-van-beek\/","url":"https:\/\/www.robertzueblin.com\/es\/jan-bontjes-van-beek\/","name":"Jan BONTJES VAN BEEK (* 1899, \u2020 1969)","isPartOf":{"@id":"https:\/\/www.robertzueblin.com\/es\/#website"},"description":"Jan Bontjes van Beek es uno de los ceramistas de estudio m\u00e1s importantes de la Alemania del siglo XX; Fischerhuder Kunstkeramik, Berl\u00edn, Dehme, Hamburgo.","breadcrumb":{"@id":"https:\/\/www.robertzueblin.com\/es\/jan-bontjes-van-beek\/#breadcrumb"},"inLanguage":"es"},{"@type":"BreadcrumbList","@id":"https:\/\/www.robertzueblin.com\/es\/jan-bontjes-van-beek\/#breadcrumb","itemListElement":[{"@type":"ListItem","position":1,"name":"Startseite","item":"https:\/\/www.robertzueblin.com\/es\/"},{"@type":"ListItem","position":2,"name":"Jan BONTJES VAN BEEK (* 1899, \u2020 1969)"}]},{"@type":"WebSite","@id":"https:\/\/www.robertzueblin.com\/es\/#website","url":"https:\/\/www.robertzueblin.com\/es\/","name":"ROBERT Z\u00dcBLIN","description":"","publisher":{"@id":"https:\/\/www.robertzueblin.com\/es\/#organization"},"potentialAction":[{"@type":"SearchAction","target":{"@type":"EntryPoint","urlTemplate":"https:\/\/www.robertzueblin.com\/es\/?s={search_term_string}"},"query-input":{"@type":"PropertyValueSpecification","valueRequired":true,"valueName":"search_term_string"}}],"inLanguage":"es"},{"@type":"Organization","@id":"https:\/\/www.robertzueblin.com\/es\/#organization","name":"ROBERT Z\u00dcBLIN","url":"https:\/\/www.robertzueblin.com\/es\/","logo":{"@type":"ImageObject","inLanguage":"es","@id":"https:\/\/www.robertzueblin.com\/es\/#\/schema\/logo\/image\/","url":"https:\/\/www.robertzueblin.com\/wp-content\/uploads\/cropped-cropped-logo-von-robert-zueblin.jpg","contentUrl":"https:\/\/www.robertzueblin.com\/wp-content\/uploads\/cropped-cropped-logo-von-robert-zueblin.jpg","width":440,"height":60,"caption":"ROBERT Z\u00dcBLIN"},"image":{"@id":"https:\/\/www.robertzueblin.com\/es\/#\/schema\/logo\/image\/"}}]}},"_links":{"self":[{"href":"https:\/\/www.robertzueblin.com\/es\/wp-json\/wp\/v2\/product_cat\/187","targetHints":{"allow":["GET"]}}],"collection":[{"href":"https:\/\/www.robertzueblin.com\/es\/wp-json\/wp\/v2\/product_cat"}],"about":[{"href":"https:\/\/www.robertzueblin.com\/es\/wp-json\/wp\/v2\/taxonomies\/product_cat"}],"wp:post_type":[{"href":"https:\/\/www.robertzueblin.com\/es\/wp-json\/wp\/v2\/product?product_cat=187"}],"curies":[{"name":"wp","href":"https:\/\/api.w.org\/{rel}","templated":true}]}}